{"id":84606,"date":"2020-12-15T12:09:58","date_gmt":"2020-12-15T15:09:58","guid":{"rendered":"https:\/\/eldiariodesanpedro.com.ar\/sitio\/?p=84606"},"modified":"2020-12-15T12:09:59","modified_gmt":"2020-12-15T15:09:59","slug":"aprehendido-por-violar-restriccion-perimetral","status":"publish","type":"post","link":"https:\/\/eldiariodesanpedro.com.ar\/sitio\/aprehendido-por-violar-restriccion-perimetral\/","title":{"rendered":"Aprehendido por violar restricci\u00f3n perimetral"},"content":{"rendered":"<!-- VideographyWP Plugin Message: Automatic video embedding prevented by plugin options. -->\n\n<p>En la tarde de ayer personal policial de la comisaria, alertado, acude a calle Dipietri 1600, donde\u00a0\u00a0aprehende a masculino de 34 a\u00f1os de edad, quien se encontraba violando restricci\u00f3n perimetral establecido por el Juez de Paz San Pedro por protecci\u00f3n contra la violencia familiar en domicilio situado en el lugar del procedimiento, donde reside su ex pareja una mujer de 27 a\u00f1os de edad. <\/p>\n\n\n\n<p>Intervino la justicia loca, y el aprehendido sea indagado en el dia de hoy\u00a0<\/p>\n","protected":false},"excerpt":{"rendered":"<p>En la tarde de ayer personal policial de la comisaria, alertado, acude a calle Dipietri 1600, donde\u00a0\u00a0aprehende a masculino de 34 a\u00f1os de edad, quien se encontraba violando restricci\u00f3n perimetral establecido por el Juez de Paz San Pedro por protecci\u00f3n contra la violencia familiar en domicilio situado en el lugar del procedimiento, donde reside su [&hellip;]<\/p>\n","protected":false},"author":4,"featured_media":76955,"comment_status":"open","ping_status":"closed","sticky":false,"template":"","format":"standard","meta":{"om_disable_all_campaigns":false,"_jetpack_memberships_contains_paid_content":false,"footnotes":""},"categories":[2,103],"tags":[],"class_list":["post-84606","post","type-post","status-publish","format-standard","has-post-thumbnail","hentry","category-locales","category-policiales-locales"],"aioseo_notices":[],"gutentor_comment":0,"jetpack_featured_media_url":"https:\/\/eldiariodesanpedro.com.ar\/sitio\/wp-content\/uploads\/2020\/06\/detenido-esposado.jpg","jetpack_shortlink":"https:\/\/wp.me\/p6RhLt-m0C","jetpack_sharing_enabled":true,"_links":{"self":[{"href":"https:\/\/eldiariodesanpedro.com.ar\/sitio\/wp-json\/wp\/v2\/posts\/84606","targetHints":{"allow":["GET"]}}],"collection":[{"href":"https:\/\/eldiariodesanpedro.com.ar\/sitio\/wp-json\/wp\/v2\/posts"}],"about":[{"href":"https:\/\/eldiariodesanpedro.com.ar\/sitio\/wp-json\/wp\/v2\/types\/post"}],"author":[{"embeddable":true,"href":"https:\/\/eldiariodesanpedro.com.ar\/sitio\/wp-json\/wp\/v2\/users\/4"}],"replies":[{"embeddable":true,"href":"https:\/\/eldiariodesanpedro.com.ar\/sitio\/wp-json\/wp\/v2\/comments?post=84606"}],"version-history":[{"count":1,"href":"https:\/\/eldiariodesanpedro.com.ar\/sitio\/wp-json\/wp\/v2\/posts\/84606\/revisions"}],"predecessor-version":[{"id":84607,"href":"https:\/\/eldiariodesanpedro.com.ar\/sitio\/wp-json\/wp\/v2\/posts\/84606\/revisions\/84607"}],"wp:featuredmedia":[{"embeddable":true,"href":"https:\/\/eldiariodesanpedro.com.ar\/sitio\/wp-json\/wp\/v2\/media\/76955"}],"wp:attachment":[{"href":"https:\/\/eldiariodesanpedro.com.ar\/sitio\/wp-json\/wp\/v2\/media?parent=84606"}],"wp:term":[{"taxonomy":"category","embeddable":true,"href":"https:\/\/eldiariodesanpedro.com.ar\/sitio\/wp-json\/wp\/v2\/categories?post=84606"},{"taxonomy":"post_tag","embeddable":true,"href":"https:\/\/eldiariodesanpedro.com.ar\/sitio\/wp-json\/wp\/v2\/tags?post=84606"}],"curies":[{"name":"wp","href":"https:\/\/api.w.org\/{rel}","templated":true}]}}