{"id":84601,"date":"2020-12-15T11:28:30","date_gmt":"2020-12-15T14:28:30","guid":{"rendered":"https:\/\/eldiariodesanpedro.com.ar\/sitio\/?p=84601"},"modified":"2020-12-15T11:28:34","modified_gmt":"2020-12-15T14:28:34","slug":"la-policia-detuvo-a-un-delincuente-con-frondosos-antecedes-tras-un-hecho-de-violencia-de-genero","status":"publish","type":"post","link":"https:\/\/eldiariodesanpedro.com.ar\/sitio\/la-policia-detuvo-a-un-delincuente-con-frondosos-antecedes-tras-un-hecho-de-violencia-de-genero\/","title":{"rendered":"La polic\u00eda detuvo a un delincuente con frondosos antecedes tras un hecho de violencia de genero"},"content":{"rendered":"<!-- VideographyWP Plugin Message: Automatic video embedding prevented by plugin options. -->\n\n<p>Este lunes el personal de GTO a cargo de Guillermo Turci realizo la aprehensi\u00f3n de un ciudadano de 31 a\u00f1os de edad que era buscado desde varios d\u00edas atr\u00e1s.<\/p>\n\n\n\n<p>El hecho ocurri\u00f3 en la zona de la Bajada de Mataderos donde el personal policial pudo dar con el paradero de este hombre de 31 a\u00f1os sobre quien pesaba una orden de detenci\u00f3n por un hecho denunciado en la Comisaria de la Mujer y la Familia tras un hecho de lesiones leves y amenazas contra su ex pareja.<\/p>\n\n\n\n<p>Dias atras se habia realizado un allanamiento en la vivienda del detenido con resultados positivos pero no se pudo dar con el delicuente.<\/p>\n\n\n\n<p>Tras varias averiguaciones esta persona fue hallada y llevada a la comisaria local para luego ser trasladad a una unidad penal. <\/p>\n\n\n\n<figure class=\"wp-block-image size-large\"><img decoding=\"async\" width=\"623\" height=\"1024\" data-attachment-id=\"84603\" data-permalink=\"https:\/\/eldiariodesanpedro.com.ar\/sitio\/la-policia-detuvo-a-un-delincuente-con-frondosos-antecedes-tras-un-hecho-de-violencia-de-genero\/sin-titulo-2-26\/\" data-orig-file=\"https:\/\/eldiariodesanpedro.com.ar\/sitio\/wp-content\/uploads\/2020\/12\/Sin-titulo-2.jpg\" data-orig-size=\"744,1222\" data-comments-opened=\"1\" data-image-meta=\"{&quot;aperture&quot;:&quot;0&quot;,&quot;credit&quot;:&quot;Usuario&quot;,&quot;camera&quot;:&quot;&quot;,&quot;caption&quot;:&quot;&quot;,&quot;created_timestamp&quot;:&quot;1608031551&quot;,&quot;copyright&quot;:&quot;&quot;,&quot;focal_length&quot;:&quot;0&quot;,&quot;iso&quot;:&quot;0&quot;,&quot;shutter_speed&quot;:&quot;0&quot;,&quot;title&quot;:&quot;&quot;,&quot;orientation&quot;:&quot;0&quot;}\" data-image-title=\"Sin t\u00edtulo-2\" data-image-description=\"\" data-image-caption=\"\" data-large-file=\"https:\/\/eldiariodesanpedro.com.ar\/sitio\/wp-content\/uploads\/2020\/12\/Sin-titulo-2-623x1024.jpg\" data-src=\"https:\/\/eldiariodesanpedro.com.ar\/sitio\/wp-content\/uploads\/2020\/12\/Sin-titulo-2-623x1024.jpg\" alt=\"\" class=\"wp-image-84603 lazyload\" data-srcset=\"https:\/\/eldiariodesanpedro.com.ar\/sitio\/wp-content\/uploads\/2020\/12\/Sin-titulo-2-623x1024.jpg 623w, https:\/\/eldiariodesanpedro.com.ar\/sitio\/wp-content\/uploads\/2020\/12\/Sin-titulo-2-183x300.jpg 183w, https:\/\/eldiariodesanpedro.com.ar\/sitio\/wp-content\/uploads\/2020\/12\/Sin-titulo-2.jpg 744w\" data-sizes=\"(max-width: 623px) 100vw, 623px\" src=\"data:image\/svg+xml;base64,PHN2ZyB3aWR0aD0iMSIgaGVpZ2h0PSIxIiB4bWxucz0iaHR0cDovL3d3dy53My5vcmcvMjAwMC9zdmciPjwvc3ZnPg==\" style=\"--smush-placeholder-width: 623px; --smush-placeholder-aspect-ratio: 623\/1024;\" \/><\/figure>\n","protected":false},"excerpt":{"rendered":"<p>Este lunes el personal de GTO a cargo de Guillermo Turci realizo la aprehensi\u00f3n de un ciudadano de 31 a\u00f1os de edad que era buscado desde varios d\u00edas atr\u00e1s. El hecho ocurri\u00f3 en la zona de la Bajada de Mataderos donde el personal policial pudo dar con el paradero de este hombre de 31 a\u00f1os [&hellip;]<\/p>\n","protected":false},"author":4,"featured_media":84602,"comment_status":"open","ping_status":"closed","sticky":false,"template":"","format":"standard","meta":{"om_disable_all_campaigns":false,"_jetpack_memberships_contains_paid_content":false,"footnotes":""},"categories":[2,103],"tags":[],"class_list":["post-84601","post","type-post","status-publish","format-standard","has-post-thumbnail","hentry","category-locales","category-policiales-locales"],"aioseo_notices":[],"gutentor_comment":0,"jetpack_featured_media_url":"https:\/\/eldiariodesanpedro.com.ar\/sitio\/wp-content\/uploads\/2020\/12\/Sin-titulo-1-3.jpg","jetpack_shortlink":"https:\/\/wp.me\/p6RhLt-m0x","jetpack_sharing_enabled":true,"_links":{"self":[{"href":"https:\/\/eldiariodesanpedro.com.ar\/sitio\/wp-json\/wp\/v2\/posts\/84601","targetHints":{"allow":["GET"]}}],"collection":[{"href":"https:\/\/eldiariodesanpedro.com.ar\/sitio\/wp-json\/wp\/v2\/posts"}],"about":[{"href":"https:\/\/eldiariodesanpedro.com.ar\/sitio\/wp-json\/wp\/v2\/types\/post"}],"author":[{"embeddable":true,"href":"https:\/\/eldiariodesanpedro.com.ar\/sitio\/wp-json\/wp\/v2\/users\/4"}],"replies":[{"embeddable":true,"href":"https:\/\/eldiariodesanpedro.com.ar\/sitio\/wp-json\/wp\/v2\/comments?post=84601"}],"version-history":[{"count":1,"href":"https:\/\/eldiariodesanpedro.com.ar\/sitio\/wp-json\/wp\/v2\/posts\/84601\/revisions"}],"predecessor-version":[{"id":84604,"href":"https:\/\/eldiariodesanpedro.com.ar\/sitio\/wp-json\/wp\/v2\/posts\/84601\/revisions\/84604"}],"wp:featuredmedia":[{"embeddable":true,"href":"https:\/\/eldiariodesanpedro.com.ar\/sitio\/wp-json\/wp\/v2\/media\/84602"}],"wp:attachment":[{"href":"https:\/\/eldiariodesanpedro.com.ar\/sitio\/wp-json\/wp\/v2\/media?parent=84601"}],"wp:term":[{"taxonomy":"category","embeddable":true,"href":"https:\/\/eldiariodesanpedro.com.ar\/sitio\/wp-json\/wp\/v2\/categories?post=84601"},{"taxonomy":"post_tag","embeddable":true,"href":"https:\/\/eldiariodesanpedro.com.ar\/sitio\/wp-json\/wp\/v2\/tags?post=84601"}],"curies":[{"name":"wp","href":"https:\/\/api.w.org\/{rel}","templated":true}]}}