{"id":84598,"date":"2020-12-15T10:27:04","date_gmt":"2020-12-15T13:27:04","guid":{"rendered":"https:\/\/eldiariodesanpedro.com.ar\/sitio\/?p=84598"},"modified":"2020-12-15T10:27:08","modified_gmt":"2020-12-15T13:27:08","slug":"el-gobierno-bonaerense-planea-autorizar-las-fiestas-al-aire-libre-de-hasta-200-personas","status":"publish","type":"post","link":"https:\/\/eldiariodesanpedro.com.ar\/sitio\/el-gobierno-bonaerense-planea-autorizar-las-fiestas-al-aire-libre-de-hasta-200-personas\/","title":{"rendered":"El gobierno bonaerense planea autorizar las fiestas al aire libre de hasta 200 personas"},"content":{"rendered":"<!-- VideographyWP Plugin Message: Automatic video embedding prevented by plugin options. -->\n\n<p>Pocos d\u00edas antes de la<strong>\u00a0Navidad y la celebraci\u00f3n de A\u00f1o Nuevo,<\/strong>\u00a0el gobierno bonaerense prepar\u00f3 un\u00a0<strong>protocolo para autorizar las fiestas al aire libre de hasta 200 personas,\u00a0<\/strong>el cual estiman que entrar\u00e1 en vigor en el transcurso de esta semana.<\/p>\n\n\n\n<p>Tal como explicaron a LA NACION fuentes vinculadas a la administraci\u00f3n de<strong>\u00a0Axel Kicillof,\u00a0<\/strong>al momento en que se publique en el Bolet\u00edn Oficial ya tendr\u00eda la aprobaci\u00f3n del gobierno nacional, por lo que entrar\u00eda en vigor inmediatamente.<\/p>\n\n\n\n<p><strong>El control del cumplimiento del protocolo y del horario de apertura y cierre ser\u00e1 competencia de cada distrito,&nbsp;<\/strong>especificaron desde la gobernaci\u00f3n bonaerense.<\/p>\n\n\n\n<p>En esencia, lo que la iniciativa plantea es que este tipo de eventos se realicen<strong>&nbsp;al aire libre, con un per\u00edmetro cerrado,&nbsp;<\/strong>\u00absiempre en predios autorizados por el municipio\u00bb.&nbsp;<strong>Y que, salvo en los momentos en que las personas est\u00e9n consumiendo comidas o bebidas, todos utilicen tapabocas.<\/strong><\/p>\n\n\n\n<p>Adem\u00e1s, las autoridades bonaerenses prev\u00e9n que se deber\u00e1 se\u00f1alizar el espacio para que se respete el distanciamiento y que la capacidad del lugar en el que se realice debe ser de hasta el 30%, con un m\u00e1ximo de 200 personas.<\/p>\n\n\n\n<p>En este contexto, el jefe de Gabinete de la provincia de Buenos Aires, Carlos Bianco, habl\u00f3 con Radio Universidad Nacional de La Plata y desliz\u00f3 que \u00abseguramente\u00bb hoy anunciar\u00e1n los protocolos vinculados a las fiestas y a la nocturnidad. Otras fuentes de la administraci\u00f3n bonaerense dijeron que ser\u00e1 el viernes.<\/p>\n\n\n\n<p><strong>El permiso llegar\u00eda, curiosamente, en medio de un leve repunte de los casos tanto en la provincia como en la ciudad de Buenos Aires en los \u00faltimos cinco o seis d\u00edas.<\/strong><\/p>\n\n\n\n<p>Esta propuesta llega luego de que la Industria de Entretenimiento Argentino (Idear) hizo un reclamo a principios de diciembre para pedir \u00abuna apertura urgente, ordenada y segura\u00bb del sector y cuestionar \u00abel desborde de fiestas clandestinas que se incrementan d\u00eda tras d\u00eda en todo el pa\u00eds\u00bb.<\/p>\n\n\n\n<p>A trav\u00e9s de un comunicado que difundieron en las redes sociales, desde esta entidad resaltaron que hay un gran riesgo en el hecho de que no se apruebe un protocolo en este sentido para las fiestas de fin de a\u00f1o y la temporada de verano. \u00abLlamamos a las autoridades a encontrar soluciones urgentes en conjunto para evitar un total desmanejo de esta situaci\u00f3n, porque todos los argentinos van a ser los perjudicados\u00bb, dijeron en aquel entonces.<\/p>\n\n\n\n<p>Vocero oficiales confiaron a LA NACION que\u00a0<strong>se desactivan unas 70 fiestas clandestinas por semana en la provincia.\u00a0<\/strong>Se reciben 300 llamados diarios denunciando este tipo de fiestas.<\/p>\n\n\n\n<p>Fuente: <a href=\"https:\/\/www.lanacion.com.ar\/sociedad\/el-gobierno-bonaerense-planea-autorizar-fiestas-al-nid2540217\">La Nac\u00ed\u00f3n<\/a><\/p>\n","protected":false},"excerpt":{"rendered":"<p>Pocos d\u00edas antes de la\u00a0Navidad y la celebraci\u00f3n de A\u00f1o Nuevo,\u00a0el gobierno bonaerense prepar\u00f3 un\u00a0protocolo para autorizar las fiestas al aire libre de hasta 200 personas,\u00a0el cual estiman que entrar\u00e1 en vigor en el transcurso de esta semana. Tal como explicaron a LA NACION fuentes vinculadas a la administraci\u00f3n de\u00a0Axel Kicillof,\u00a0al momento en que se [&hellip;]<\/p>\n","protected":false},"author":4,"featured_media":84599,"comment_status":"open","ping_status":"closed","sticky":false,"template":"","format":"standard","meta":{"om_disable_all_campaigns":false,"_jetpack_memberships_contains_paid_content":false,"footnotes":""},"categories":[50,101,2],"tags":[197,696,33],"class_list":["post-84598","post","type-post","status-publish","format-standard","has-post-thumbnail","hentry","category-destacadas","category-interes-general-locales","category-locales","tag-buenos-aires","tag-interes-general","tag-locales"],"aioseo_notices":[],"gutentor_comment":0,"jetpack_featured_media_url":"https:\/\/eldiariodesanpedro.com.ar\/sitio\/wp-content\/uploads\/2020\/12\/3475677h900.jpg","jetpack_shortlink":"https:\/\/wp.me\/p6RhLt-m0u","jetpack_sharing_enabled":true,"_links":{"self":[{"href":"https:\/\/eldiariodesanpedro.com.ar\/sitio\/wp-json\/wp\/v2\/posts\/84598","targetHints":{"allow":["GET"]}}],"collection":[{"href":"https:\/\/eldiariodesanpedro.com.ar\/sitio\/wp-json\/wp\/v2\/posts"}],"about":[{"href":"https:\/\/eldiariodesanpedro.com.ar\/sitio\/wp-json\/wp\/v2\/types\/post"}],"author":[{"embeddable":true,"href":"https:\/\/eldiariodesanpedro.com.ar\/sitio\/wp-json\/wp\/v2\/users\/4"}],"replies":[{"embeddable":true,"href":"https:\/\/eldiariodesanpedro.com.ar\/sitio\/wp-json\/wp\/v2\/comments?post=84598"}],"version-history":[{"count":1,"href":"https:\/\/eldiariodesanpedro.com.ar\/sitio\/wp-json\/wp\/v2\/posts\/84598\/revisions"}],"predecessor-version":[{"id":84600,"href":"https:\/\/eldiariodesanpedro.com.ar\/sitio\/wp-json\/wp\/v2\/posts\/84598\/revisions\/84600"}],"wp:featuredmedia":[{"embeddable":true,"href":"https:\/\/eldiariodesanpedro.com.ar\/sitio\/wp-json\/wp\/v2\/media\/84599"}],"wp:attachment":[{"href":"https:\/\/eldiariodesanpedro.com.ar\/sitio\/wp-json\/wp\/v2\/media?parent=84598"}],"wp:term":[{"taxonomy":"category","embeddable":true,"href":"https:\/\/eldiariodesanpedro.com.ar\/sitio\/wp-json\/wp\/v2\/categories?post=84598"},{"taxonomy":"post_tag","embeddable":true,"href":"https:\/\/eldiariodesanpedro.com.ar\/sitio\/wp-json\/wp\/v2\/tags?post=84598"}],"curies":[{"name":"wp","href":"https:\/\/api.w.org\/{rel}","templated":true}]}}