{"id":84596,"date":"2020-12-15T10:19:21","date_gmt":"2020-12-15T13:19:21","guid":{"rendered":"https:\/\/eldiariodesanpedro.com.ar\/sitio\/?p=84596"},"modified":"2020-12-15T10:19:22","modified_gmt":"2020-12-15T13:19:22","slug":"sancho-no-cree-que-la-vacuna-este-en-san-pedro-antes-de-fin-de-ano","status":"publish","type":"post","link":"https:\/\/eldiariodesanpedro.com.ar\/sitio\/sancho-no-cree-que-la-vacuna-este-en-san-pedro-antes-de-fin-de-ano\/","title":{"rendered":"Sancho no cree que la vacuna este en San Pedro antes de fin de a\u00f1o"},"content":{"rendered":"<!-- VideographyWP Plugin Message: Automatic video embedding prevented by plugin options. -->\n\n<p>El Secretario de Salud solicito cautela a los sampedrinos teniendo en cuenta que no cree que en la ciudad se comience a vacunar antes de fin de a\u00f1o.<\/p>\n\n\n\n<p>Guillermo Sancho informo que estuvo reunido con el Consejo Regional de Salud y donde se comenz\u00f3 a diagramar como ser\u00e1 el sistema de vacunaci\u00f3n en la provincia de Buenos Aires, que recibir\u00e1 ante de  fin de a\u00f1os 300 mil  dosis de la vacuna Rusa Sputnik V.<\/p>\n\n\n\n<p>El doctor asegura creer que San Pedro no recibir\u00e1 las dosis hasta la mitad de Enero por lo que sugiere aun mantener los cuidados necesarios y la calma. <\/p>\n","protected":false},"excerpt":{"rendered":"<p>El Secretario de Salud solicito cautela a los sampedrinos teniendo en cuenta que no cree que en la ciudad se comience a vacunar antes de fin de a\u00f1o. Guillermo Sancho informo que estuvo reunido con el Consejo Regional de Salud y donde se comenz\u00f3 a diagramar como ser\u00e1 el sistema de vacunaci\u00f3n en la provincia [&hellip;]<\/p>\n","protected":false},"author":4,"featured_media":76907,"comment_status":"open","ping_status":"closed","sticky":false,"template":"","format":"standard","meta":{"om_disable_all_campaigns":false,"_jetpack_memberships_contains_paid_content":false,"footnotes":""},"categories":[50,101,2],"tags":[],"class_list":["post-84596","post","type-post","status-publish","format-standard","has-post-thumbnail","hentry","category-destacadas","category-interes-general-locales","category-locales"],"aioseo_notices":[],"gutentor_comment":0,"jetpack_featured_media_url":"https:\/\/eldiariodesanpedro.com.ar\/sitio\/wp-content\/uploads\/2020\/06\/WhatsApp-Image-2020-06-29-at-20.38.11.jpeg","jetpack_shortlink":"https:\/\/wp.me\/p6RhLt-m0s","jetpack_sharing_enabled":true,"_links":{"self":[{"href":"https:\/\/eldiariodesanpedro.com.ar\/sitio\/wp-json\/wp\/v2\/posts\/84596","targetHints":{"allow":["GET"]}}],"collection":[{"href":"https:\/\/eldiariodesanpedro.com.ar\/sitio\/wp-json\/wp\/v2\/posts"}],"about":[{"href":"https:\/\/eldiariodesanpedro.com.ar\/sitio\/wp-json\/wp\/v2\/types\/post"}],"author":[{"embeddable":true,"href":"https:\/\/eldiariodesanpedro.com.ar\/sitio\/wp-json\/wp\/v2\/users\/4"}],"replies":[{"embeddable":true,"href":"https:\/\/eldiariodesanpedro.com.ar\/sitio\/wp-json\/wp\/v2\/comments?post=84596"}],"version-history":[{"count":1,"href":"https:\/\/eldiariodesanpedro.com.ar\/sitio\/wp-json\/wp\/v2\/posts\/84596\/revisions"}],"predecessor-version":[{"id":84597,"href":"https:\/\/eldiariodesanpedro.com.ar\/sitio\/wp-json\/wp\/v2\/posts\/84596\/revisions\/84597"}],"wp:featuredmedia":[{"embeddable":true,"href":"https:\/\/eldiariodesanpedro.com.ar\/sitio\/wp-json\/wp\/v2\/media\/76907"}],"wp:attachment":[{"href":"https:\/\/eldiariodesanpedro.com.ar\/sitio\/wp-json\/wp\/v2\/media?parent=84596"}],"wp:term":[{"taxonomy":"category","embeddable":true,"href":"https:\/\/eldiariodesanpedro.com.ar\/sitio\/wp-json\/wp\/v2\/categories?post=84596"},{"taxonomy":"post_tag","embeddable":true,"href":"https:\/\/eldiariodesanpedro.com.ar\/sitio\/wp-json\/wp\/v2\/tags?post=84596"}],"curies":[{"name":"wp","href":"https:\/\/api.w.org\/{rel}","templated":true}]}}