{"id":84593,"date":"2020-12-15T10:02:56","date_gmt":"2020-12-15T13:02:56","guid":{"rendered":"https:\/\/eldiariodesanpedro.com.ar\/sitio\/?p=84593"},"modified":"2020-12-15T10:03:00","modified_gmt":"2020-12-15T13:03:00","slug":"visita-de-la-aag-al-san-pedro-golf-club","status":"publish","type":"post","link":"https:\/\/eldiariodesanpedro.com.ar\/sitio\/visita-de-la-aag-al-san-pedro-golf-club\/","title":{"rendered":"Visita de la AAG al San Pedro Golf Club"},"content":{"rendered":"<!-- VideographyWP Plugin Message: Automatic video embedding prevented by plugin options. -->\n\n<p>Jorge De Rose, Presidente de la Comisi\u00f3n de Canchas de la AAG, Guillermo Busso, Director del \u00e1rea, y Carlos Silva, Director Operativo, visitaron el campo en construcci\u00f3n del San Pedro GC.<\/p>\n\n\n\n<p>All\u00ed fueron recibidos por Claudio Tipaldi, desarrollador de la obra, Alejandro Cortasa, su constructor, y Alejandro Ru\u00edz, encargado de la implantaci\u00f3n del c\u00e9sped. As\u00ed mismo, el dise\u00f1o de la cancha estuvo a cargo del Arquitecto Fernando Gonzalez Prieto.<\/p>\n\n\n\n<p>\u201cEl movimiento de suelo est\u00e1 terminado y el riego autom\u00e1tico de greens instalado. Los greens ya fueron plantados con bermuda Tifdwarf, y estimamos que a fines de verano ya estar\u00e1 en condiciones para ser jugada\u201d, destaca Guillermo Busso, Director de Canchas de la AAG.<\/p>\n\n\n\n<p>Por su parte, Jorge De Rose, Presidente de la Comisi\u00f3n de Canchas de la AAG sostiene que \u201ces un muy buen emprendimiento en la ciudad de San Pedro, que tambi\u00e9n cuenta con un complejo de agradables caba\u00f1as. Buen destino de golf y relax para el 2021\u201d.\u00a0 \u00a0<\/p>\n\n\n\n<p>Fuente: <a href=\"https:\/\/www.sanpedroinforma.com.ar\/nota\/123871\/deportes\/visita-de-la-aag-al-san-pedro-golf-club.html\">San Pedro Informa<\/a><\/p>\n","protected":false},"excerpt":{"rendered":"<p>Jorge De Rose, Presidente de la Comisi\u00f3n de Canchas de la AAG, Guillermo Busso, Director del \u00e1rea, y Carlos Silva, Director Operativo, visitaron el campo en construcci\u00f3n del San Pedro GC. All\u00ed fueron recibidos por Claudio Tipaldi, desarrollador de la obra, Alejandro Cortasa, su constructor, y Alejandro Ru\u00edz, encargado de la implantaci\u00f3n del c\u00e9sped. As\u00ed [&hellip;]<\/p>\n","protected":false},"author":4,"featured_media":84594,"comment_status":"open","ping_status":"closed","sticky":false,"template":"","format":"standard","meta":{"om_disable_all_campaigns":false,"_jetpack_memberships_contains_paid_content":false,"footnotes":""},"categories":[101,2],"tags":[1988],"class_list":["post-84593","post","type-post","status-publish","format-standard","has-post-thumbnail","hentry","category-interes-general-locales","category-locales","tag-visita-de-la-aag-al-san-pedro-golf-club"],"aioseo_notices":[],"gutentor_comment":0,"jetpack_featured_media_url":"https:\/\/eldiariodesanpedro.com.ar\/sitio\/wp-content\/uploads\/2020\/12\/000088851.jpg","jetpack_shortlink":"https:\/\/wp.me\/p6RhLt-m0p","jetpack_sharing_enabled":true,"_links":{"self":[{"href":"https:\/\/eldiariodesanpedro.com.ar\/sitio\/wp-json\/wp\/v2\/posts\/84593","targetHints":{"allow":["GET"]}}],"collection":[{"href":"https:\/\/eldiariodesanpedro.com.ar\/sitio\/wp-json\/wp\/v2\/posts"}],"about":[{"href":"https:\/\/eldiariodesanpedro.com.ar\/sitio\/wp-json\/wp\/v2\/types\/post"}],"author":[{"embeddable":true,"href":"https:\/\/eldiariodesanpedro.com.ar\/sitio\/wp-json\/wp\/v2\/users\/4"}],"replies":[{"embeddable":true,"href":"https:\/\/eldiariodesanpedro.com.ar\/sitio\/wp-json\/wp\/v2\/comments?post=84593"}],"version-history":[{"count":1,"href":"https:\/\/eldiariodesanpedro.com.ar\/sitio\/wp-json\/wp\/v2\/posts\/84593\/revisions"}],"predecessor-version":[{"id":84595,"href":"https:\/\/eldiariodesanpedro.com.ar\/sitio\/wp-json\/wp\/v2\/posts\/84593\/revisions\/84595"}],"wp:featuredmedia":[{"embeddable":true,"href":"https:\/\/eldiariodesanpedro.com.ar\/sitio\/wp-json\/wp\/v2\/media\/84594"}],"wp:attachment":[{"href":"https:\/\/eldiariodesanpedro.com.ar\/sitio\/wp-json\/wp\/v2\/media?parent=84593"}],"wp:term":[{"taxonomy":"category","embeddable":true,"href":"https:\/\/eldiariodesanpedro.com.ar\/sitio\/wp-json\/wp\/v2\/categories?post=84593"},{"taxonomy":"post_tag","embeddable":true,"href":"https:\/\/eldiariodesanpedro.com.ar\/sitio\/wp-json\/wp\/v2\/tags?post=84593"}],"curies":[{"name":"wp","href":"https:\/\/api.w.org\/{rel}","templated":true}]}}