{"id":84591,"date":"2020-12-15T10:00:18","date_gmt":"2020-12-15T13:00:18","guid":{"rendered":"https:\/\/eldiariodesanpedro.com.ar\/sitio\/?p=84591"},"modified":"2020-12-15T10:00:22","modified_gmt":"2020-12-15T13:00:22","slug":"coronavirus-desde-ayer-a-hoy-se-recibieron-13-negativos-y-3-positivos-con-un-total-activos-de-29","status":"publish","type":"post","link":"https:\/\/eldiariodesanpedro.com.ar\/sitio\/coronavirus-desde-ayer-a-hoy-se-recibieron-13-negativos-y-3-positivos-con-un-total-activos-de-29\/","title":{"rendered":"Coronavirus: Desde ayer a hoy se recibieron 13 negativos y 3 positivos con un total activos de 29"},"content":{"rendered":"<!-- VideographyWP Plugin Message: Automatic video embedding prevented by plugin options. -->\n\n<p>La Secretar\u00eda de Salud de la Municipalidad de San Pedro informa los resultados recibidos durante la noche correspondientes a las muestras enviadas ayer por la ma\u00f1ana en el seguimiento de la Pandemia de Covid-19.<br>Como anticipo del resumen general de cada jornada compartimos esta informaci\u00f3n:<\/p>\n\n\n\n<p>Se recibieron 9 ex\u00e1menes enviados con <em>6 negativos y 3 positivos<\/em> que corresponden a hombres de 23 y 46 a\u00f1os; y una mujer de 30 a\u00f1os.<br>Por la noche, como es habitual, brindaremos el resumen total de actualizaci\u00f3n.<\/p>\n","protected":false},"excerpt":{"rendered":"<p>La Secretar\u00eda de Salud de la Municipalidad de San Pedro informa los resultados recibidos durante la noche correspondientes a las muestras enviadas ayer por la ma\u00f1ana en el seguimiento de la Pandemia de Covid-19.Como anticipo del resumen general de cada jornada compartimos esta informaci\u00f3n: Se recibieron 9 ex\u00e1menes enviados con 6 negativos y 3 positivos [&hellip;]<\/p>\n","protected":false},"author":4,"featured_media":78783,"comment_status":"open","ping_status":"closed","sticky":false,"template":"","format":"standard","meta":{"om_disable_all_campaigns":false,"_jetpack_memberships_contains_paid_content":false,"footnotes":""},"categories":[50,101,2],"tags":[808,696,33],"class_list":["post-84591","post","type-post","status-publish","format-standard","has-post-thumbnail","hentry","category-destacadas","category-interes-general-locales","category-locales","tag-coronavirus","tag-interes-general","tag-locales"],"aioseo_notices":[],"gutentor_comment":0,"jetpack_featured_media_url":"https:\/\/eldiariodesanpedro.com.ar\/sitio\/wp-content\/uploads\/2020\/08\/coronavirus-positivo-2.jpg","jetpack_shortlink":"https:\/\/wp.me\/p6RhLt-m0n","jetpack_sharing_enabled":true,"_links":{"self":[{"href":"https:\/\/eldiariodesanpedro.com.ar\/sitio\/wp-json\/wp\/v2\/posts\/84591","targetHints":{"allow":["GET"]}}],"collection":[{"href":"https:\/\/eldiariodesanpedro.com.ar\/sitio\/wp-json\/wp\/v2\/posts"}],"about":[{"href":"https:\/\/eldiariodesanpedro.com.ar\/sitio\/wp-json\/wp\/v2\/types\/post"}],"author":[{"embeddable":true,"href":"https:\/\/eldiariodesanpedro.com.ar\/sitio\/wp-json\/wp\/v2\/users\/4"}],"replies":[{"embeddable":true,"href":"https:\/\/eldiariodesanpedro.com.ar\/sitio\/wp-json\/wp\/v2\/comments?post=84591"}],"version-history":[{"count":1,"href":"https:\/\/eldiariodesanpedro.com.ar\/sitio\/wp-json\/wp\/v2\/posts\/84591\/revisions"}],"predecessor-version":[{"id":84592,"href":"https:\/\/eldiariodesanpedro.com.ar\/sitio\/wp-json\/wp\/v2\/posts\/84591\/revisions\/84592"}],"wp:featuredmedia":[{"embeddable":true,"href":"https:\/\/eldiariodesanpedro.com.ar\/sitio\/wp-json\/wp\/v2\/media\/78783"}],"wp:attachment":[{"href":"https:\/\/eldiariodesanpedro.com.ar\/sitio\/wp-json\/wp\/v2\/media?parent=84591"}],"wp:term":[{"taxonomy":"category","embeddable":true,"href":"https:\/\/eldiariodesanpedro.com.ar\/sitio\/wp-json\/wp\/v2\/categories?post=84591"},{"taxonomy":"post_tag","embeddable":true,"href":"https:\/\/eldiariodesanpedro.com.ar\/sitio\/wp-json\/wp\/v2\/tags?post=84591"}],"curies":[{"name":"wp","href":"https:\/\/api.w.org\/{rel}","templated":true}]}}