{"id":84588,"date":"2020-12-15T09:47:45","date_gmt":"2020-12-15T12:47:45","guid":{"rendered":"https:\/\/eldiariodesanpedro.com.ar\/sitio\/?p=84588"},"modified":"2020-12-15T09:47:46","modified_gmt":"2020-12-15T12:47:46","slug":"robaron-herramientas-en-la-delegacion-de-rio-tala","status":"publish","type":"post","link":"https:\/\/eldiariodesanpedro.com.ar\/sitio\/robaron-herramientas-en-la-delegacion-de-rio-tala\/","title":{"rendered":"Robaron herramientas en la delegaci\u00f3n de R\u00edo Tala"},"content":{"rendered":"<!-- VideographyWP Plugin Message: Automatic video embedding prevented by plugin options. -->\n\n<p>Delincuentes ingresaron este fin de semana, a las instalaciones de la delegaci\u00f3n, y se llevaron herramientas de trabajo como: motoguada\u00f1a (marca stihl), motosierra (marca stihl), herramientas de mano (pinzas y llave francesa, entre otras herramientas).<\/p>\n\n\n\n<p>Desde la delegaci\u00f3n se solicita a la comunidad de R\u00edo Tala, que denuncien cualquier ofrecimiento de estas herramientas, y que por favor no compren las mismas, ya que qui\u00e9n compra lo robado, forma parte de la cadena delictiva.<\/p>\n","protected":false},"excerpt":{"rendered":"<p>Delincuentes ingresaron este fin de semana, a las instalaciones de la delegaci\u00f3n, y se llevaron herramientas de trabajo como: motoguada\u00f1a (marca stihl), motosierra (marca stihl), herramientas de mano (pinzas y llave francesa, entre otras herramientas). Desde la delegaci\u00f3n se solicita a la comunidad de R\u00edo Tala, que denuncien cualquier ofrecimiento de estas herramientas, y que [&hellip;]<\/p>\n","protected":false},"author":4,"featured_media":84589,"comment_status":"open","ping_status":"closed","sticky":false,"template":"","format":"standard","meta":{"om_disable_all_campaigns":false,"_jetpack_memberships_contains_paid_content":false,"footnotes":""},"categories":[2,103],"tags":[881,1987,680],"class_list":["post-84588","post","type-post","status-publish","format-standard","has-post-thumbnail","hentry","category-locales","category-policiales-locales","tag-rio-tala","tag-robaron-herramientas-en-la-delegacion-de-rio-tala","tag-robo"],"aioseo_notices":[],"gutentor_comment":0,"jetpack_featured_media_url":"https:\/\/eldiariodesanpedro.com.ar\/sitio\/wp-content\/uploads\/2020\/12\/unnamed.png","jetpack_shortlink":"https:\/\/wp.me\/p6RhLt-m0k","jetpack_sharing_enabled":true,"_links":{"self":[{"href":"https:\/\/eldiariodesanpedro.com.ar\/sitio\/wp-json\/wp\/v2\/posts\/84588","targetHints":{"allow":["GET"]}}],"collection":[{"href":"https:\/\/eldiariodesanpedro.com.ar\/sitio\/wp-json\/wp\/v2\/posts"}],"about":[{"href":"https:\/\/eldiariodesanpedro.com.ar\/sitio\/wp-json\/wp\/v2\/types\/post"}],"author":[{"embeddable":true,"href":"https:\/\/eldiariodesanpedro.com.ar\/sitio\/wp-json\/wp\/v2\/users\/4"}],"replies":[{"embeddable":true,"href":"https:\/\/eldiariodesanpedro.com.ar\/sitio\/wp-json\/wp\/v2\/comments?post=84588"}],"version-history":[{"count":1,"href":"https:\/\/eldiariodesanpedro.com.ar\/sitio\/wp-json\/wp\/v2\/posts\/84588\/revisions"}],"predecessor-version":[{"id":84590,"href":"https:\/\/eldiariodesanpedro.com.ar\/sitio\/wp-json\/wp\/v2\/posts\/84588\/revisions\/84590"}],"wp:featuredmedia":[{"embeddable":true,"href":"https:\/\/eldiariodesanpedro.com.ar\/sitio\/wp-json\/wp\/v2\/media\/84589"}],"wp:attachment":[{"href":"https:\/\/eldiariodesanpedro.com.ar\/sitio\/wp-json\/wp\/v2\/media?parent=84588"}],"wp:term":[{"taxonomy":"category","embeddable":true,"href":"https:\/\/eldiariodesanpedro.com.ar\/sitio\/wp-json\/wp\/v2\/categories?post=84588"},{"taxonomy":"post_tag","embeddable":true,"href":"https:\/\/eldiariodesanpedro.com.ar\/sitio\/wp-json\/wp\/v2\/tags?post=84588"}],"curies":[{"name":"wp","href":"https:\/\/api.w.org\/{rel}","templated":true}]}}