{"id":84396,"date":"2020-12-09T11:24:00","date_gmt":"2020-12-09T14:24:00","guid":{"rendered":"https:\/\/eldiariodesanpedro.com.ar\/sitio\/?p=84396"},"modified":"2020-12-09T11:24:05","modified_gmt":"2020-12-09T14:24:05","slug":"caso-panno-nos-toca-investigar-si-ese-ahorcamiento-fue-por-propia-voluntad-inducido-o-si-directamente-fue-un-homicidio","status":"publish","type":"post","link":"https:\/\/eldiariodesanpedro.com.ar\/sitio\/caso-panno-nos-toca-investigar-si-ese-ahorcamiento-fue-por-propia-voluntad-inducido-o-si-directamente-fue-un-homicidio\/","title":{"rendered":"Caso Panno: \u201cNos toca investigar si ese ahorcamiento fue por propia voluntad, inducido o si directamente fue un homicidio\u201d"},"content":{"rendered":"<!-- VideographyWP Plugin Message: Automatic video embedding prevented by plugin options. -->\n\n<p>El fiscal Marcelo Manso habl\u00f3 del caso acontecido en la ciudad de Baradero y la marcha de la investigaci\u00f3n. De todos modos por una cuesti\u00f3n de jurisdicci\u00f3n la causa seguir\u00e1 siendo instruida por el fiscal Vicente G\u00f3mez.<\/p>\n\n\n\n<p>Gran parte de la comunidad baraderense a\u00fan no sale de la conmoci\u00f3n provocada por la muerte de Renata Panno la semana anterior.<\/p>\n\n\n\n<p>Ante la licencia del Dr. Vicente G\u00f3mez, el titular de la Ufi 5 de nuestra ciudad, Marcelo Manso, se hizo cargo de la instrucci\u00f3n y fue juntando pruebas y datos para darle una respuesta r\u00e1pida y convincente a la familia de la v\u00edctima.<\/p>\n\n\n\n<p>\u201cEstamos produciendo pruebas para que despu\u00e9s, con los resultados, poder tomar una decisi\u00f3n\u201d, dijo Manso en el aire de FM G\u00e9nesis.<\/p>\n\n\n\n<p>\u201cLa prueba importante es la prueba pericial y algunas de ellas llevan unos dos meses en obtener los resultados porque se hacen en la asesor\u00eda pericial de la ciudad de La Plata\u201d.<\/p>\n\n\n\n<p>\u201cSon pericias complementarias a la operaci\u00f3n de autopsia. Despu\u00e9s se eval\u00faa en general y nos va a dar como resultado la causa y el mecanismo de la muerte\u201d.<\/p>\n\n\n\n<p>\u201cLa muerte fue por asfixia y el mecanismo es el ahorcamiento, ahora, lo que nos toca investigar a nosotros es si ese ahorcamiento fue por propia voluntad, inducido o si directamente fue un homicidio\u201d, confirm\u00f3. \u201cEs dif\u00edcil comprobar si fue inducido, y no hay antecedentes, pero s\u00ed es posible que haya pasado, por eso lo estamos investigando\u201d.<\/p>\n\n\n\n<p>\u201cTodas las personas que prestaron testimonios aportaron datos importantes, sirvi\u00f3 para que nosotros podamos saber c\u00f3mo era la convivencia, los antecedentes de uno y otro, los testimonios de vecinos, amigos, y eso, sumado a los informes complementarios nos permitir\u00e1 poner el caso en un contexto y sacar una conclusi\u00f3n\u201d. &nbsp;<\/p>\n\n\n\n<p>Sobre la pericia m\u00e1s importante el fiscal Manso coment\u00f3: \u201cLa autopsia nos permiti\u00f3 saber que la muerte se produjo entre 6 y 20 horas antes del momento del examen, no hay una hora precisa y depende de muchas circunstancias, entonces es imposible tener exactitud\u201d.<\/p>\n\n\n\n<p>\u201cNosotros logramos achicar esa ventana de tiempo de 14 horas, reducirla a 10 o 15 minutos porque logramos ubicar y poner en el expediente el testimonio de una mujer que habl\u00f3 con la victima pocos minutos antes de que fuera encontrada muerta\u201d, manifest\u00f3.<\/p>\n\n\n\n<p>Sobre la situaci\u00f3n de Marcos Calzone, pareja de Renata Panno, el Dr. Manso se\u00f1al\u00f3: \u201cHay un video que muestra el momento en que el hombre regresa a la casa y sale con el cuerpo hacia el hospital, lo que no sabemos es si la muerte se produjo antes que \u00e9l llegue o despu\u00e9s que lleg\u00f3, eso es lo importante que nos queda por determinar\u201d.<\/p>\n\n\n\n<p>\u201cHa secuestros de celulares y de hecho ya tenemos captura de pantallas y audios para reconstruir lo que pas\u00f3\u201d.<\/p>\n\n\n\n<p>\u201cHicimos un allanamiento en el domicilio donde se produjo el hecho y nos sirvi\u00f3 para hacer una constataci\u00f3n que nos arroj\u00f3 resultados negativos. Ten\u00edamos que constatar la presencia de un sistema de seguridad por c\u00e1mara en el interior y cualquier instalaci\u00f3n que nos permita determinar si hab\u00eda alguna conexi\u00f3n que haya sido retirada pero no exist\u00eda\u201d, asegur\u00f3 el profesional.<\/p>\n\n\n\n<p>\u201cAhora quedan todas las cuestiones m\u00e1s complejas que son los an\u00e1lisis de celulares, los ADN debajo de la u\u00f1as de la v\u00edctima y el examen anatomopatol\u00f3gico y toxicol\u00f3gico\u201d.<\/p>\n\n\n\n<p>Al ser consultado sobre la existencia de un presunto caso de violencia de g\u00e9nero que termin\u00f3 llevando a la v\u00edctima a tomar la decisi\u00f3n, Manso se\u00f1al\u00f3: &nbsp;\u201cQue la v\u00edctima est\u00e9 fallecida no impide que se pueda iniciar un proceso por otro delito, puede haber un caso de violencia de g\u00e9nero; si existe y eso termina en el fallecimiento de la mujer como consecuencia de eso lo que tenemos es un homicidio calificado, porque eran pareja y sucedi\u00f3 en el marco de violencia de un hombre contra una mujer pero hay que investigar\u201d. &nbsp;<\/p>\n\n\n\n<p>Sobre el secuestro de droga, el titular de la Ufi 5 dijo: \u201cExisti\u00f3 la presencia de marihuana en el domicilio y en una cantidad importante. Pero pasa a un segundo plano porque concentramos la investigaci\u00f3n en la muerte, s\u00ed puede haber otra imputaci\u00f3n para con el due\u00f1o de casa. Aqu\u00ed tambi\u00e9n nos va a servir el an\u00e1lisis telef\u00f3nico\u201d. \u00a0<\/p>\n\n\n\n<p>Fuente: <a href=\"https:\/\/www.sanpedroinforma.com.ar\/nota\/123861\/interes-general\/caso-panno-nos-toca-investigar-si-ese-ahorcamiento-fue-por-propia-voluntad-inducido-o-si-directamente-fue-un-homicidio.html\">San Pedro Informa<\/a><\/p>\n","protected":false},"excerpt":{"rendered":"<p>El fiscal Marcelo Manso habl\u00f3 del caso acontecido en la ciudad de Baradero y la marcha de la investigaci\u00f3n. De todos modos por una cuesti\u00f3n de jurisdicci\u00f3n la causa seguir\u00e1 siendo instruida por el fiscal Vicente G\u00f3mez. Gran parte de la comunidad baraderense a\u00fan no sale de la conmoci\u00f3n provocada por la muerte de Renata [&hellip;]<\/p>\n","protected":false},"author":4,"featured_media":84397,"comment_status":"open","ping_status":"closed","sticky":false,"template":"","format":"standard","meta":{"om_disable_all_campaigns":false,"_jetpack_memberships_contains_paid_content":false,"footnotes":""},"categories":[50,101,2],"tags":[197,1972,696,33,1973],"class_list":["post-84396","post","type-post","status-publish","format-standard","has-post-thumbnail","hentry","category-destacadas","category-interes-general-locales","category-locales","tag-buenos-aires","tag-caso-panno","tag-interes-general","tag-locales","tag-marcelo-manso"],"aioseo_notices":[],"gutentor_comment":0,"jetpack_featured_media_url":"https:\/\/eldiariodesanpedro.com.ar\/sitio\/wp-content\/uploads\/2020\/12\/000088770.jpg","jetpack_shortlink":"https:\/\/wp.me\/p6RhLt-lXe","jetpack_sharing_enabled":true,"_links":{"self":[{"href":"https:\/\/eldiariodesanpedro.com.ar\/sitio\/wp-json\/wp\/v2\/posts\/84396","targetHints":{"allow":["GET"]}}],"collection":[{"href":"https:\/\/eldiariodesanpedro.com.ar\/sitio\/wp-json\/wp\/v2\/posts"}],"about":[{"href":"https:\/\/eldiariodesanpedro.com.ar\/sitio\/wp-json\/wp\/v2\/types\/post"}],"author":[{"embeddable":true,"href":"https:\/\/eldiariodesanpedro.com.ar\/sitio\/wp-json\/wp\/v2\/users\/4"}],"replies":[{"embeddable":true,"href":"https:\/\/eldiariodesanpedro.com.ar\/sitio\/wp-json\/wp\/v2\/comments?post=84396"}],"version-history":[{"count":1,"href":"https:\/\/eldiariodesanpedro.com.ar\/sitio\/wp-json\/wp\/v2\/posts\/84396\/revisions"}],"predecessor-version":[{"id":84398,"href":"https:\/\/eldiariodesanpedro.com.ar\/sitio\/wp-json\/wp\/v2\/posts\/84396\/revisions\/84398"}],"wp:featuredmedia":[{"embeddable":true,"href":"https:\/\/eldiariodesanpedro.com.ar\/sitio\/wp-json\/wp\/v2\/media\/84397"}],"wp:attachment":[{"href":"https:\/\/eldiariodesanpedro.com.ar\/sitio\/wp-json\/wp\/v2\/media?parent=84396"}],"wp:term":[{"taxonomy":"category","embeddable":true,"href":"https:\/\/eldiariodesanpedro.com.ar\/sitio\/wp-json\/wp\/v2\/categories?post=84396"},{"taxonomy":"post_tag","embeddable":true,"href":"https:\/\/eldiariodesanpedro.com.ar\/sitio\/wp-json\/wp\/v2\/tags?post=84396"}],"curies":[{"name":"wp","href":"https:\/\/api.w.org\/{rel}","templated":true}]}}