{"id":84363,"date":"2020-12-08T17:41:08","date_gmt":"2020-12-08T20:41:08","guid":{"rendered":"https:\/\/eldiariodesanpedro.com.ar\/sitio\/?p=84363"},"modified":"2020-12-08T17:45:21","modified_gmt":"2020-12-08T20:45:21","slug":"fue-encontrado-el-joven-que-desaparecio-ayer-en-el-riacho","status":"publish","type":"post","link":"https:\/\/eldiariodesanpedro.com.ar\/sitio\/fue-encontrado-el-joven-que-desaparecio-ayer-en-el-riacho\/","title":{"rendered":"Fue encontrado el joven que desapareci\u00f3 ayer en el riacho"},"content":{"rendered":"<!-- VideographyWP Plugin Message: Automatic video embedding prevented by plugin options. -->\n\n<p>En la tarde de este mi\u00e9rcoles fue encontrado sin vida Franco R\u00edos de 22 a\u00f1os luego de estar desaparecido en el agua un poco mas de 24 hs.<\/p>\n\n\n\n<p>La Prefectura de San Pedro encontr\u00f3 el cuerpo sin vida  de el joven de 22 a\u00f1os oriundo de la localidad de La Matanza que en la tarde de ayer a esta misma hora se hab\u00eda arrojado a las aguas mientras se encontraba con dos amigos.<\/p>\n\n\n\n<p>El cuerpo fue localizado a pocos metros de donde \u00e9l se arrojo al agua y fue trasladado hasta el Puerto Local donde fue identificado por sus familiares.<\/p>\n\n\n\n<p>El joven ser\u00e1 trasladado a la morgue de San Nicol\u00e1s donde se le realizara la autopsia correspondientes y luego ser\u00e1 entregado a sus familiares.<\/p>\n\n\n\n<p>Recordemos que es la segunda victima ahogada en menos de 24 hs, y la segunda fue un hombre de nacionalidad armenia que perdi\u00f3 su vida en la zona de Vuelta de Obligado a pocos metros del partido de Ramallo en zona de islas.<\/p>\n","protected":false},"excerpt":{"rendered":"<p>En la tarde de este mi\u00e9rcoles fue encontrado sin vida Franco R\u00edos de 22 a\u00f1os luego de estar desaparecido en el agua un poco mas de 24 hs. La Prefectura de San Pedro encontr\u00f3 el cuerpo sin vida de el joven de 22 a\u00f1os oriundo de la localidad de La Matanza que en la tarde [&hellip;]<\/p>\n","protected":false},"author":4,"featured_media":84331,"comment_status":"open","ping_status":"closed","sticky":false,"template":"","format":"standard","meta":{"om_disable_all_campaigns":false,"_jetpack_memberships_contains_paid_content":false,"footnotes":""},"categories":[50,2,103],"tags":[1967,1966,1968,33,19],"class_list":["post-84363","post","type-post","status-publish","format-standard","has-post-thumbnail","hentry","category-destacadas","category-locales","category-policiales-locales","tag-ahogado","tag-franco-rios","tag-fue-encontrado-el-joven-que-desaparecio-ayer-en-el-riacho","tag-locales","tag-san-pedro"],"aioseo_notices":[],"gutentor_comment":0,"jetpack_featured_media_url":"https:\/\/eldiariodesanpedro.com.ar\/sitio\/wp-content\/uploads\/2020\/12\/130771332_294045532034043_8382429529969941857_n.jpg","jetpack_shortlink":"https:\/\/wp.me\/p6RhLt-lWH","jetpack_sharing_enabled":true,"_links":{"self":[{"href":"https:\/\/eldiariodesanpedro.com.ar\/sitio\/wp-json\/wp\/v2\/posts\/84363","targetHints":{"allow":["GET"]}}],"collection":[{"href":"https:\/\/eldiariodesanpedro.com.ar\/sitio\/wp-json\/wp\/v2\/posts"}],"about":[{"href":"https:\/\/eldiariodesanpedro.com.ar\/sitio\/wp-json\/wp\/v2\/types\/post"}],"author":[{"embeddable":true,"href":"https:\/\/eldiariodesanpedro.com.ar\/sitio\/wp-json\/wp\/v2\/users\/4"}],"replies":[{"embeddable":true,"href":"https:\/\/eldiariodesanpedro.com.ar\/sitio\/wp-json\/wp\/v2\/comments?post=84363"}],"version-history":[{"count":2,"href":"https:\/\/eldiariodesanpedro.com.ar\/sitio\/wp-json\/wp\/v2\/posts\/84363\/revisions"}],"predecessor-version":[{"id":84365,"href":"https:\/\/eldiariodesanpedro.com.ar\/sitio\/wp-json\/wp\/v2\/posts\/84363\/revisions\/84365"}],"wp:featuredmedia":[{"embeddable":true,"href":"https:\/\/eldiariodesanpedro.com.ar\/sitio\/wp-json\/wp\/v2\/media\/84331"}],"wp:attachment":[{"href":"https:\/\/eldiariodesanpedro.com.ar\/sitio\/wp-json\/wp\/v2\/media?parent=84363"}],"wp:term":[{"taxonomy":"category","embeddable":true,"href":"https:\/\/eldiariodesanpedro.com.ar\/sitio\/wp-json\/wp\/v2\/categories?post=84363"},{"taxonomy":"post_tag","embeddable":true,"href":"https:\/\/eldiariodesanpedro.com.ar\/sitio\/wp-json\/wp\/v2\/tags?post=84363"}],"curies":[{"name":"wp","href":"https:\/\/api.w.org\/{rel}","templated":true}]}}