{"id":84360,"date":"2020-12-08T12:03:33","date_gmt":"2020-12-08T15:03:33","guid":{"rendered":"https:\/\/eldiariodesanpedro.com.ar\/sitio\/?p=84360"},"modified":"2020-12-08T12:03:34","modified_gmt":"2020-12-08T15:03:34","slug":"coronavirus-400-escuelas-bonaerenses-funcionaran-como-vacunatorios-con-turnos-de-12-horas","status":"publish","type":"post","link":"https:\/\/eldiariodesanpedro.com.ar\/sitio\/coronavirus-400-escuelas-bonaerenses-funcionaran-como-vacunatorios-con-turnos-de-12-horas\/","title":{"rendered":"Coronavirus: 400 escuelas bonaerenses funcionar\u00e1n como vacunatorios con turnos de 12 horas"},"content":{"rendered":"<!-- VideographyWP Plugin Message: Automatic video embedding prevented by plugin options. -->\n\n<p>El plan de vacunaci\u00f3n masiva contra el COVID-19 en provincia de Buenos Aires contempla unas 400 escuelas como centros donde se aplicar\u00e1n las dosis y turnos de trabajo de 12 horas para evitar grandes concentraciones de personas.<\/p>\n\n\n\n<p>\u201cEn primera instancia para la poblaci\u00f3n en general estamos pensando en vacunar en alrededor de 400 escuelas a lo largo de la Provincia con turnos de 12 horas por d\u00eda y un esquema de organizaci\u00f3n para que la gente no se generen aglomeraciones\u201d, indic\u00f3 el jefe de Asesores del ministerio de Salud bonaerense, Enio Garc\u00eda.<\/p>\n\n\n\n<p>Garc\u00eda adem\u00e1s remarc\u00f3, en declaraciones a Radio Provincia, que \u201clos adultos mayores de 60, personas con cardiopat\u00edas importantes, el personal de salud que est\u00e1 en la trinchera\u201d ser\u00e1n los primeros en ser vacunados.<\/p>\n\n\n\n<p>Con relaci\u00f3n a las celebraciones por Navidad y A\u00f1o Nuevo, Garc\u00eda dijo que \u201cdebemos poder hacer reuniones m\u00e1s familiares en estas Fiestas, al aire libre o en ambientes ventilados, que no haya m\u00e1s de 10 personas y seguir evitando los saludos que nos expongan. No voy a decir que no se den un abrazo pero usemos el tapa-boca nariz y hag\u00e1moslo por un espacio breve de tiempo\u201d.<\/p>\n\n\n\n<p>\u201cEstamos bajando las cifras de contagios por d\u00eda, eso nos da cierta tranquilidad pero hay que concientizar porque la pandemia sigue y no hay que relajarse. Mantener el distanciamiento social, evitar los aglomerados, la gente merece y necesita el tiempo de descanso despu\u00e9s de este a\u00f1o tremendo pero con conciencia\u201d, complet\u00f3 el funcionario. (DIB)<\/p>\n","protected":false},"excerpt":{"rendered":"<p>El plan de vacunaci\u00f3n masiva contra el COVID-19 en provincia de Buenos Aires contempla unas 400 escuelas como centros donde se aplicar\u00e1n las dosis y turnos de trabajo de 12 horas para evitar grandes concentraciones de personas. \u201cEn primera instancia para la poblaci\u00f3n en general estamos pensando en vacunar en alrededor de 400 escuelas a [&hellip;]<\/p>\n","protected":false},"author":4,"featured_media":84361,"comment_status":"open","ping_status":"closed","sticky":false,"template":"","format":"standard","meta":{"om_disable_all_campaigns":false,"_jetpack_memberships_contains_paid_content":false,"footnotes":""},"categories":[50,101,2],"tags":[197,696,33],"class_list":["post-84360","post","type-post","status-publish","format-standard","has-post-thumbnail","hentry","category-destacadas","category-interes-general-locales","category-locales","tag-buenos-aires","tag-interes-general","tag-locales"],"aioseo_notices":[],"gutentor_comment":0,"jetpack_featured_media_url":"https:\/\/eldiariodesanpedro.com.ar\/sitio\/wp-content\/uploads\/2020\/12\/VAcuna-1-696x392-1.jpg","jetpack_shortlink":"https:\/\/wp.me\/p6RhLt-lWE","jetpack_sharing_enabled":true,"_links":{"self":[{"href":"https:\/\/eldiariodesanpedro.com.ar\/sitio\/wp-json\/wp\/v2\/posts\/84360","targetHints":{"allow":["GET"]}}],"collection":[{"href":"https:\/\/eldiariodesanpedro.com.ar\/sitio\/wp-json\/wp\/v2\/posts"}],"about":[{"href":"https:\/\/eldiariodesanpedro.com.ar\/sitio\/wp-json\/wp\/v2\/types\/post"}],"author":[{"embeddable":true,"href":"https:\/\/eldiariodesanpedro.com.ar\/sitio\/wp-json\/wp\/v2\/users\/4"}],"replies":[{"embeddable":true,"href":"https:\/\/eldiariodesanpedro.com.ar\/sitio\/wp-json\/wp\/v2\/comments?post=84360"}],"version-history":[{"count":1,"href":"https:\/\/eldiariodesanpedro.com.ar\/sitio\/wp-json\/wp\/v2\/posts\/84360\/revisions"}],"predecessor-version":[{"id":84362,"href":"https:\/\/eldiariodesanpedro.com.ar\/sitio\/wp-json\/wp\/v2\/posts\/84360\/revisions\/84362"}],"wp:featuredmedia":[{"embeddable":true,"href":"https:\/\/eldiariodesanpedro.com.ar\/sitio\/wp-json\/wp\/v2\/media\/84361"}],"wp:attachment":[{"href":"https:\/\/eldiariodesanpedro.com.ar\/sitio\/wp-json\/wp\/v2\/media?parent=84360"}],"wp:term":[{"taxonomy":"category","embeddable":true,"href":"https:\/\/eldiariodesanpedro.com.ar\/sitio\/wp-json\/wp\/v2\/categories?post=84360"},{"taxonomy":"post_tag","embeddable":true,"href":"https:\/\/eldiariodesanpedro.com.ar\/sitio\/wp-json\/wp\/v2\/tags?post=84360"}],"curies":[{"name":"wp","href":"https:\/\/api.w.org\/{rel}","templated":true}]}}