{"id":84355,"date":"2020-12-08T11:55:54","date_gmt":"2020-12-08T14:55:54","guid":{"rendered":"https:\/\/eldiariodesanpedro.com.ar\/sitio\/?p=84355"},"modified":"2020-12-08T11:55:59","modified_gmt":"2020-12-08T14:55:59","slug":"san-pedro-tuvo-mas-del-90-de-ocupacion-del-alojamiento","status":"publish","type":"post","link":"https:\/\/eldiariodesanpedro.com.ar\/sitio\/san-pedro-tuvo-mas-del-90-de-ocupacion-del-alojamiento\/","title":{"rendered":"San Pedro tuvo mas del 90% de ocupaci\u00f3n del alojamiento"},"content":{"rendered":"<!-- VideographyWP Plugin Message: Automatic video embedding prevented by plugin options. -->\n\n<p>Nuestra ciudad tuvo uno de sus mejores fines de semana tras la pandemia con una localidad completamente colmada de turistas.<\/p>\n\n\n\n<p>Afortunadamente el clima que fue brillante durante los 4 d\u00edas y la ciudad se vio muy visitada por turistas de diferentes puntos del pa\u00eds.<\/p>\n\n\n\n<p>Seg\u00fan aseguro la Directora de Turismo Marcela Cu\u00f1er la ocupacion fue superior al 90 % quedando muy pocas camas disponibles.<\/p>\n\n\n\n<p>Adem\u00e1s aclaro que los d\u00edas de mayor pico fueron domingo y lunes con muchas personas que solo vinieron a pasar el d\u00eda o a lo sumo dos jornadas.<\/p>\n\n\n\n<figure class=\"wp-block-image size-large\"><img decoding=\"async\" width=\"960\" height=\"640\" data-attachment-id=\"84357\" data-permalink=\"https:\/\/eldiariodesanpedro.com.ar\/sitio\/san-pedro-tuvo-mas-del-90-de-ocupacion-del-alojamiento\/130026322_4161341157215083_7300498445834835735_n\/\" data-orig-file=\"https:\/\/eldiariodesanpedro.com.ar\/sitio\/wp-content\/uploads\/2020\/12\/130026322_4161341157215083_7300498445834835735_n.jpg\" data-orig-size=\"960,640\" data-comments-opened=\"1\" data-image-meta=\"{&quot;aperture&quot;:&quot;0&quot;,&quot;credit&quot;:&quot;&quot;,&quot;camera&quot;:&quot;&quot;,&quot;caption&quot;:&quot;&quot;,&quot;created_timestamp&quot;:&quot;0&quot;,&quot;copyright&quot;:&quot;&quot;,&quot;focal_length&quot;:&quot;0&quot;,&quot;iso&quot;:&quot;0&quot;,&quot;shutter_speed&quot;:&quot;0&quot;,&quot;title&quot;:&quot;&quot;,&quot;orientation&quot;:&quot;0&quot;}\" data-image-title=\"130026322_4161341157215083_7300498445834835735_n\" data-image-description=\"\" data-image-caption=\"\" data-large-file=\"https:\/\/eldiariodesanpedro.com.ar\/sitio\/wp-content\/uploads\/2020\/12\/130026322_4161341157215083_7300498445834835735_n.jpg\" data-src=\"https:\/\/eldiariodesanpedro.com.ar\/sitio\/wp-content\/uploads\/2020\/12\/130026322_4161341157215083_7300498445834835735_n.jpg\" alt=\"\" class=\"wp-image-84357 lazyload\" data-srcset=\"https:\/\/eldiariodesanpedro.com.ar\/sitio\/wp-content\/uploads\/2020\/12\/130026322_4161341157215083_7300498445834835735_n.jpg 960w, https:\/\/eldiariodesanpedro.com.ar\/sitio\/wp-content\/uploads\/2020\/12\/130026322_4161341157215083_7300498445834835735_n-300x200.jpg 300w, https:\/\/eldiariodesanpedro.com.ar\/sitio\/wp-content\/uploads\/2020\/12\/130026322_4161341157215083_7300498445834835735_n-768x512.jpg 768w\" data-sizes=\"(max-width: 960px) 100vw, 960px\" src=\"data:image\/svg+xml;base64,PHN2ZyB3aWR0aD0iMSIgaGVpZ2h0PSIxIiB4bWxucz0iaHR0cDovL3d3dy53My5vcmcvMjAwMC9zdmciPjwvc3ZnPg==\" style=\"--smush-placeholder-width: 960px; --smush-placeholder-aspect-ratio: 960\/640;\" \/><\/figure>\n\n\n\n<figure class=\"wp-block-image size-large\"><img decoding=\"async\" width=\"960\" height=\"640\" data-attachment-id=\"84358\" data-permalink=\"https:\/\/eldiariodesanpedro.com.ar\/sitio\/san-pedro-tuvo-mas-del-90-de-ocupacion-del-alojamiento\/130141495_4161341910548341_1328129280664840684_n\/\" data-orig-file=\"https:\/\/eldiariodesanpedro.com.ar\/sitio\/wp-content\/uploads\/2020\/12\/130141495_4161341910548341_1328129280664840684_n.jpg\" data-orig-size=\"960,640\" data-comments-opened=\"1\" data-image-meta=\"{&quot;aperture&quot;:&quot;0&quot;,&quot;credit&quot;:&quot;&quot;,&quot;camera&quot;:&quot;&quot;,&quot;caption&quot;:&quot;&quot;,&quot;created_timestamp&quot;:&quot;0&quot;,&quot;copyright&quot;:&quot;&quot;,&quot;focal_length&quot;:&quot;0&quot;,&quot;iso&quot;:&quot;0&quot;,&quot;shutter_speed&quot;:&quot;0&quot;,&quot;title&quot;:&quot;&quot;,&quot;orientation&quot;:&quot;0&quot;}\" data-image-title=\"130141495_4161341910548341_1328129280664840684_n\" data-image-description=\"\" data-image-caption=\"\" data-large-file=\"https:\/\/eldiariodesanpedro.com.ar\/sitio\/wp-content\/uploads\/2020\/12\/130141495_4161341910548341_1328129280664840684_n.jpg\" data-src=\"https:\/\/eldiariodesanpedro.com.ar\/sitio\/wp-content\/uploads\/2020\/12\/130141495_4161341910548341_1328129280664840684_n.jpg\" alt=\"\" class=\"wp-image-84358 lazyload\" data-srcset=\"https:\/\/eldiariodesanpedro.com.ar\/sitio\/wp-content\/uploads\/2020\/12\/130141495_4161341910548341_1328129280664840684_n.jpg 960w, https:\/\/eldiariodesanpedro.com.ar\/sitio\/wp-content\/uploads\/2020\/12\/130141495_4161341910548341_1328129280664840684_n-300x200.jpg 300w, https:\/\/eldiariodesanpedro.com.ar\/sitio\/wp-content\/uploads\/2020\/12\/130141495_4161341910548341_1328129280664840684_n-768x512.jpg 768w\" data-sizes=\"(max-width: 960px) 100vw, 960px\" src=\"data:image\/svg+xml;base64,PHN2ZyB3aWR0aD0iMSIgaGVpZ2h0PSIxIiB4bWxucz0iaHR0cDovL3d3dy53My5vcmcvMjAwMC9zdmciPjwvc3ZnPg==\" style=\"--smush-placeholder-width: 960px; --smush-placeholder-aspect-ratio: 960\/640;\" \/><\/figure>\n","protected":false},"excerpt":{"rendered":"<p>Nuestra ciudad tuvo uno de sus mejores fines de semana tras la pandemia con una localidad completamente colmada de turistas. Afortunadamente el clima que fue brillante durante los 4 d\u00edas y la ciudad se vio muy visitada por turistas de diferentes puntos del pa\u00eds. Seg\u00fan aseguro la Directora de Turismo Marcela Cu\u00f1er la ocupacion fue [&hellip;]<\/p>\n","protected":false},"author":4,"featured_media":84356,"comment_status":"open","ping_status":"closed","sticky":false,"template":"","format":"standard","meta":{"om_disable_all_campaigns":false,"_jetpack_memberships_contains_paid_content":false,"footnotes":""},"categories":[50,101,2],"tags":[1965],"class_list":["post-84355","post","type-post","status-publish","format-standard","has-post-thumbnail","hentry","category-destacadas","category-interes-general-locales","category-locales","tag-san-pedro-tuvo-mas-del-90-de-ocupacion-en-los-hoteles"],"aioseo_notices":[],"gutentor_comment":0,"jetpack_featured_media_url":"https:\/\/eldiariodesanpedro.com.ar\/sitio\/wp-content\/uploads\/2020\/12\/129562617_4161341823881683_4960729482871653731_n.jpg","jetpack_shortlink":"https:\/\/wp.me\/p6RhLt-lWz","jetpack_sharing_enabled":true,"_links":{"self":[{"href":"https:\/\/eldiariodesanpedro.com.ar\/sitio\/wp-json\/wp\/v2\/posts\/84355","targetHints":{"allow":["GET"]}}],"collection":[{"href":"https:\/\/eldiariodesanpedro.com.ar\/sitio\/wp-json\/wp\/v2\/posts"}],"about":[{"href":"https:\/\/eldiariodesanpedro.com.ar\/sitio\/wp-json\/wp\/v2\/types\/post"}],"author":[{"embeddable":true,"href":"https:\/\/eldiariodesanpedro.com.ar\/sitio\/wp-json\/wp\/v2\/users\/4"}],"replies":[{"embeddable":true,"href":"https:\/\/eldiariodesanpedro.com.ar\/sitio\/wp-json\/wp\/v2\/comments?post=84355"}],"version-history":[{"count":1,"href":"https:\/\/eldiariodesanpedro.com.ar\/sitio\/wp-json\/wp\/v2\/posts\/84355\/revisions"}],"predecessor-version":[{"id":84359,"href":"https:\/\/eldiariodesanpedro.com.ar\/sitio\/wp-json\/wp\/v2\/posts\/84355\/revisions\/84359"}],"wp:featuredmedia":[{"embeddable":true,"href":"https:\/\/eldiariodesanpedro.com.ar\/sitio\/wp-json\/wp\/v2\/media\/84356"}],"wp:attachment":[{"href":"https:\/\/eldiariodesanpedro.com.ar\/sitio\/wp-json\/wp\/v2\/media?parent=84355"}],"wp:term":[{"taxonomy":"category","embeddable":true,"href":"https:\/\/eldiariodesanpedro.com.ar\/sitio\/wp-json\/wp\/v2\/categories?post=84355"},{"taxonomy":"post_tag","embeddable":true,"href":"https:\/\/eldiariodesanpedro.com.ar\/sitio\/wp-json\/wp\/v2\/tags?post=84355"}],"curies":[{"name":"wp","href":"https:\/\/api.w.org\/{rel}","templated":true}]}}