{"id":84352,"date":"2020-12-08T11:47:53","date_gmt":"2020-12-08T14:47:53","guid":{"rendered":"https:\/\/eldiariodesanpedro.com.ar\/sitio\/?p=84352"},"modified":"2020-12-08T11:47:57","modified_gmt":"2020-12-08T14:47:57","slug":"visita-de-la-red-de-turismo-educativo-para-promocionar-viajes-a-san-pedro","status":"publish","type":"post","link":"https:\/\/eldiariodesanpedro.com.ar\/sitio\/visita-de-la-red-de-turismo-educativo-para-promocionar-viajes-a-san-pedro\/","title":{"rendered":"Visita de la Red de Turismo Educativo para promocionar viajes a San Pedro"},"content":{"rendered":"<!-- VideographyWP Plugin Message: Automatic video embedding prevented by plugin options. -->\n\n<p>Este mi\u00e9rcoles arribar\u00e1n a San Pedro representantes de la Red de Turismo Educativo, una organizaci\u00f3n que elabora programas especiales para promocionar viajes estudiantiles a diferentes destinos del interior del pa\u00eds. <\/p>\n\n\n\n<p>El grupo de profesionales del turismo, docentes y agentes de ventas de esta red llegar\u00e1 a San Pedro para realizar una recorrida demostrativa de lo que podr\u00eda constituir uno de los productos a ofrecer a partir de Septiembre del a\u00f1o pr\u00f3ximo en colegios de la Ciudad de Buenos Aires y el interior de la Provincia. <\/p>\n\n\n\n<p>La planificaci\u00f3n y coordinaci\u00f3n de la visita la realizan en conjunto un grupo de prestadores tur\u00edsticos que representan an la Red en San Pedro junto a la Direcci\u00f3n de Turismo y han elaborado un programa modelo para cumplir con una serie de visitas durante una jornada que comenzar\u00e1 a las 9 y finalizar\u00e1 aproximadamente a las 17. <\/p>\n\n\n\n<p>El cronogrma incluye la recepci\u00f3n en la Casona de la Direcci\u00f3n de Turismo, una visita al Palacio Municipal y al Vuelta de Obligado y una recorrida por algunas de las atracciones que ofrece San Pedro, incluyendo un almuerzo en un restaurante de la ribera y un paseo por el Casco Hist\u00f3rico. Todas las actividades ser\u00e1n acompa\u00f1adas por gu\u00edas de la Direcci\u00f3n de Turismo y el recorrido quedar\u00e1 plasmado en un audiovisual que ser\u00e1 presentado oficialmente en encuentro nacional en el que se visualizan todas las propuestas con sus caracter\u00edsticas para comenzar a conectar a grupos de diferentes colegios que est\u00e9n preparando sus viajes para el a\u00f1o pr\u00f3ximo.<\/p>\n\n\n\n<p>El potencial de este tipo de contingentes es muy importante y en l\u00ednea con otras acciones similares que se vienen desarrollando desde el \u00e1rea, se pretende sumar este sector para el cual existe en todo el Partido una infraestructura que adem\u00e1s es extensible hacia paquetes de mayor duraci\u00f3n con diferentes alternativas.<\/p>\n","protected":false},"excerpt":{"rendered":"<p>Este mi\u00e9rcoles arribar\u00e1n a San Pedro representantes de la Red de Turismo Educativo, una organizaci\u00f3n que elabora programas especiales para promocionar viajes estudiantiles a diferentes destinos del interior del pa\u00eds. El grupo de profesionales del turismo, docentes y agentes de ventas de esta red llegar\u00e1 a San Pedro para realizar una recorrida demostrativa de lo [&hellip;]<\/p>\n","protected":false},"author":4,"featured_media":84353,"comment_status":"open","ping_status":"closed","sticky":false,"template":"","format":"standard","meta":{"om_disable_all_campaigns":false,"_jetpack_memberships_contains_paid_content":false,"footnotes":""},"categories":[101,2],"tags":[33,19,1040,1964],"class_list":["post-84352","post","type-post","status-publish","format-standard","has-post-thumbnail","hentry","category-interes-general-locales","category-locales","tag-locales","tag-san-pedro","tag-san-pedro-buenos-aires","tag-visita-de-la-red-de-turismo-educativo-para-promocionar-viajes-a-san-pedro"],"aioseo_notices":[],"gutentor_comment":0,"jetpack_featured_media_url":"https:\/\/eldiariodesanpedro.com.ar\/sitio\/wp-content\/uploads\/2020\/12\/129016881_3562063803888269_146800755831174405_o.jpg","jetpack_shortlink":"https:\/\/wp.me\/p6RhLt-lWw","jetpack_sharing_enabled":true,"_links":{"self":[{"href":"https:\/\/eldiariodesanpedro.com.ar\/sitio\/wp-json\/wp\/v2\/posts\/84352","targetHints":{"allow":["GET"]}}],"collection":[{"href":"https:\/\/eldiariodesanpedro.com.ar\/sitio\/wp-json\/wp\/v2\/posts"}],"about":[{"href":"https:\/\/eldiariodesanpedro.com.ar\/sitio\/wp-json\/wp\/v2\/types\/post"}],"author":[{"embeddable":true,"href":"https:\/\/eldiariodesanpedro.com.ar\/sitio\/wp-json\/wp\/v2\/users\/4"}],"replies":[{"embeddable":true,"href":"https:\/\/eldiariodesanpedro.com.ar\/sitio\/wp-json\/wp\/v2\/comments?post=84352"}],"version-history":[{"count":1,"href":"https:\/\/eldiariodesanpedro.com.ar\/sitio\/wp-json\/wp\/v2\/posts\/84352\/revisions"}],"predecessor-version":[{"id":84354,"href":"https:\/\/eldiariodesanpedro.com.ar\/sitio\/wp-json\/wp\/v2\/posts\/84352\/revisions\/84354"}],"wp:featuredmedia":[{"embeddable":true,"href":"https:\/\/eldiariodesanpedro.com.ar\/sitio\/wp-json\/wp\/v2\/media\/84353"}],"wp:attachment":[{"href":"https:\/\/eldiariodesanpedro.com.ar\/sitio\/wp-json\/wp\/v2\/media?parent=84352"}],"wp:term":[{"taxonomy":"category","embeddable":true,"href":"https:\/\/eldiariodesanpedro.com.ar\/sitio\/wp-json\/wp\/v2\/categories?post=84352"},{"taxonomy":"post_tag","embeddable":true,"href":"https:\/\/eldiariodesanpedro.com.ar\/sitio\/wp-json\/wp\/v2\/tags?post=84352"}],"curies":[{"name":"wp","href":"https:\/\/api.w.org\/{rel}","templated":true}]}}