{"id":84346,"date":"2020-12-08T11:34:09","date_gmt":"2020-12-08T14:34:09","guid":{"rendered":"https:\/\/eldiariodesanpedro.com.ar\/sitio\/?p=84346"},"modified":"2020-12-08T11:34:10","modified_gmt":"2020-12-08T14:34:10","slug":"robo-de-un-tv-y-herramientas-en-una-vivienda","status":"publish","type":"post","link":"https:\/\/eldiariodesanpedro.com.ar\/sitio\/robo-de-un-tv-y-herramientas-en-una-vivienda\/","title":{"rendered":"Robo de un tv y herramientas en una vivienda"},"content":{"rendered":"<!-- VideographyWP Plugin Message: Automatic video embedding prevented by plugin options. -->\n\n<p>Este lunes un ciudadano de nuestra ciudad se hizo presente en la comisar\u00eda local donde realiz\u00f3 una denuncia por parte de un hombre de 41 a\u00f1os quien denuncia que sufri\u00f3 un robo en su vivienda.<\/p>\n\n\n\n<p>Seg\u00fan declar\u00f3 la v\u00edctima del il\u00edcito en su vivienda ubicada en calle Casella al 900 donde no se encontraban moradores entre el pasado viernes y ayer, por lo que al regresar al hogar encontr\u00f3 que autores ignorados tras violentar reja, llevando un TV y herramientas.<\/p>\n","protected":false},"excerpt":{"rendered":"<p>Este lunes un ciudadano de nuestra ciudad se hizo presente en la comisar\u00eda local donde realiz\u00f3 una denuncia por parte de un hombre de 41 a\u00f1os quien denuncia que sufri\u00f3 un robo en su vivienda. Seg\u00fan declar\u00f3 la v\u00edctima del il\u00edcito en su vivienda ubicada en calle Casella al 900 donde no se encontraban moradores [&hellip;]<\/p>\n","protected":false},"author":4,"featured_media":77860,"comment_status":"open","ping_status":"closed","sticky":false,"template":"","format":"standard","meta":{"om_disable_all_campaigns":false,"_jetpack_memberships_contains_paid_content":false,"footnotes":""},"categories":[2,103],"tags":[197,33,95],"class_list":["post-84346","post","type-post","status-publish","format-standard","has-post-thumbnail","hentry","category-locales","category-policiales-locales","tag-buenos-aires","tag-locales","tag-policiales"],"aioseo_notices":[],"gutentor_comment":0,"jetpack_featured_media_url":"https:\/\/eldiariodesanpedro.com.ar\/sitio\/wp-content\/uploads\/2020\/07\/000085506.jpg","jetpack_shortlink":"https:\/\/wp.me\/p6RhLt-lWq","jetpack_sharing_enabled":true,"_links":{"self":[{"href":"https:\/\/eldiariodesanpedro.com.ar\/sitio\/wp-json\/wp\/v2\/posts\/84346","targetHints":{"allow":["GET"]}}],"collection":[{"href":"https:\/\/eldiariodesanpedro.com.ar\/sitio\/wp-json\/wp\/v2\/posts"}],"about":[{"href":"https:\/\/eldiariodesanpedro.com.ar\/sitio\/wp-json\/wp\/v2\/types\/post"}],"author":[{"embeddable":true,"href":"https:\/\/eldiariodesanpedro.com.ar\/sitio\/wp-json\/wp\/v2\/users\/4"}],"replies":[{"embeddable":true,"href":"https:\/\/eldiariodesanpedro.com.ar\/sitio\/wp-json\/wp\/v2\/comments?post=84346"}],"version-history":[{"count":1,"href":"https:\/\/eldiariodesanpedro.com.ar\/sitio\/wp-json\/wp\/v2\/posts\/84346\/revisions"}],"predecessor-version":[{"id":84347,"href":"https:\/\/eldiariodesanpedro.com.ar\/sitio\/wp-json\/wp\/v2\/posts\/84346\/revisions\/84347"}],"wp:featuredmedia":[{"embeddable":true,"href":"https:\/\/eldiariodesanpedro.com.ar\/sitio\/wp-json\/wp\/v2\/media\/77860"}],"wp:attachment":[{"href":"https:\/\/eldiariodesanpedro.com.ar\/sitio\/wp-json\/wp\/v2\/media?parent=84346"}],"wp:term":[{"taxonomy":"category","embeddable":true,"href":"https:\/\/eldiariodesanpedro.com.ar\/sitio\/wp-json\/wp\/v2\/categories?post=84346"},{"taxonomy":"post_tag","embeddable":true,"href":"https:\/\/eldiariodesanpedro.com.ar\/sitio\/wp-json\/wp\/v2\/tags?post=84346"}],"curies":[{"name":"wp","href":"https:\/\/api.w.org\/{rel}","templated":true}]}}