{"id":84343,"date":"2020-12-08T11:24:43","date_gmt":"2020-12-08T14:24:43","guid":{"rendered":"https:\/\/eldiariodesanpedro.com.ar\/sitio\/?p=84343"},"modified":"2020-12-08T11:26:19","modified_gmt":"2020-12-08T14:26:19","slug":"secuestro-de-arma-blanca-y-aprehension-en-la-via-publica","status":"publish","type":"post","link":"https:\/\/eldiariodesanpedro.com.ar\/sitio\/secuestro-de-arma-blanca-y-aprehension-en-la-via-publica\/","title":{"rendered":"Secuestro de arma blanca y aprehensi\u00f3n en la v\u00eda publica"},"content":{"rendered":"<!-- VideographyWP Plugin Message: Automatic video embedding prevented by plugin options. -->\n\n<p>Este lunes la polic\u00eda de nuestra ciudad se hizo presente en calle Crucero General\u00a0 Belgrano esquina Av. 3 de Febrero, aprehende masculino de 20 a\u00f1os de edad, quien se le secuestr\u00f3 cuchillo en su poder.<\/p>\n\n\n\n<p>Otro procedimiento similar se dio en Crucero\u00a0 Gral. Belgrano y San Mart\u00edn, d\u00f3nde aprehende a ciudadano de  57 a\u00f1os, quien se le secuestr\u00f3 cuchillo.<\/p>\n\n\n\n<p>En ambos casos se iniciaron actuaciones por infracci\u00f3n art\u00edculo 42 ley 8031, con intervenci\u00f3n del Juzgado de Paz San Pedro.<\/p>\n","protected":false},"excerpt":{"rendered":"<p>Este lunes la polic\u00eda de nuestra ciudad se hizo presente en calle Crucero General\u00a0 Belgrano esquina Av. 3 de Febrero, aprehende masculino de 20 a\u00f1os de edad, quien se le secuestr\u00f3 cuchillo en su poder. Otro procedimiento similar se dio en Crucero\u00a0 Gral. Belgrano y San Mart\u00edn, d\u00f3nde aprehende a ciudadano de 57 a\u00f1os, quien [&hellip;]<\/p>\n","protected":false},"author":4,"featured_media":78843,"comment_status":"open","ping_status":"closed","sticky":false,"template":"","format":"standard","meta":{"om_disable_all_campaigns":false,"_jetpack_memberships_contains_paid_content":false,"footnotes":""},"categories":[2,103],"tags":[197,33,95,1961],"class_list":["post-84343","post","type-post","status-publish","format-standard","has-post-thumbnail","hentry","category-locales","category-policiales-locales","tag-buenos-aires","tag-locales","tag-policiales","tag-secuestro-de-arma-blanca-y-aprehension-en-la-via-publica"],"aioseo_notices":[],"gutentor_comment":0,"jetpack_featured_media_url":"https:\/\/eldiariodesanpedro.com.ar\/sitio\/wp-content\/uploads\/2020\/08\/0.jpg","jetpack_shortlink":"https:\/\/wp.me\/p6RhLt-lWn","jetpack_sharing_enabled":true,"_links":{"self":[{"href":"https:\/\/eldiariodesanpedro.com.ar\/sitio\/wp-json\/wp\/v2\/posts\/84343","targetHints":{"allow":["GET"]}}],"collection":[{"href":"https:\/\/eldiariodesanpedro.com.ar\/sitio\/wp-json\/wp\/v2\/posts"}],"about":[{"href":"https:\/\/eldiariodesanpedro.com.ar\/sitio\/wp-json\/wp\/v2\/types\/post"}],"author":[{"embeddable":true,"href":"https:\/\/eldiariodesanpedro.com.ar\/sitio\/wp-json\/wp\/v2\/users\/4"}],"replies":[{"embeddable":true,"href":"https:\/\/eldiariodesanpedro.com.ar\/sitio\/wp-json\/wp\/v2\/comments?post=84343"}],"version-history":[{"count":2,"href":"https:\/\/eldiariodesanpedro.com.ar\/sitio\/wp-json\/wp\/v2\/posts\/84343\/revisions"}],"predecessor-version":[{"id":84345,"href":"https:\/\/eldiariodesanpedro.com.ar\/sitio\/wp-json\/wp\/v2\/posts\/84343\/revisions\/84345"}],"wp:featuredmedia":[{"embeddable":true,"href":"https:\/\/eldiariodesanpedro.com.ar\/sitio\/wp-json\/wp\/v2\/media\/78843"}],"wp:attachment":[{"href":"https:\/\/eldiariodesanpedro.com.ar\/sitio\/wp-json\/wp\/v2\/media?parent=84343"}],"wp:term":[{"taxonomy":"category","embeddable":true,"href":"https:\/\/eldiariodesanpedro.com.ar\/sitio\/wp-json\/wp\/v2\/categories?post=84343"},{"taxonomy":"post_tag","embeddable":true,"href":"https:\/\/eldiariodesanpedro.com.ar\/sitio\/wp-json\/wp\/v2\/tags?post=84343"}],"curies":[{"name":"wp","href":"https:\/\/api.w.org\/{rel}","templated":true}]}}