{"id":84330,"date":"2020-12-08T11:17:20","date_gmt":"2020-12-08T14:17:20","guid":{"rendered":"https:\/\/eldiariodesanpedro.com.ar\/sitio\/?p=84330"},"modified":"2020-12-08T11:17:23","modified_gmt":"2020-12-08T14:17:23","slug":"hallaron-sin-vida-al-joven-armenio-que-cayo-al-rio-parana","status":"publish","type":"post","link":"https:\/\/eldiariodesanpedro.com.ar\/sitio\/hallaron-sin-vida-al-joven-armenio-que-cayo-al-rio-parana\/","title":{"rendered":"Hallaron sin vida al joven armenio que cay\u00f3 al r\u00edo Paran\u00e1"},"content":{"rendered":"<!-- VideographyWP Plugin Message: Automatic video embedding prevented by plugin options. -->\n\n<p>Personal de Prefectura que estaba abocado a la b\u00fasqueda hall\u00f3 el cuerpo de\u00a0Abraham Abrahamyan\u00a0en la misma zona adonde hab\u00eda ca\u00eddo.<br>Sobre la tarde noche del lunes personal de Prefectura Naval hall\u00f3 el cuerpo sin vida de\u00a0Abraham Abrahamyan, el joven de 29 a\u00f1os de nacionalidad armenia que hab\u00eda ca\u00eddo a las aguas del r\u00edo Paran\u00e1\u00a0sobre el kil\u00f3metro 299, en cercan\u00edas del l\u00edmite entre Ramallo y Vuelta de Obligado.<\/p>\n\n\n\n<p>Obligado.<br>Si bien se desconocen m\u00e1s detalles, la v\u00edctima habr\u00eda llegado a esa zona junto a un grupo de amigos para disfrutar del fin de semana largo y los termin\u00f3 sorprendiendo la tragedia.<br>Se supo que Abrahamyan se encontraba viviendo en Villa Urquiza\u00a0y era parte de la comunidad armenia en la Argentina. Su cuerpo fue trasladado a la morgue judicial y puesto a disposici\u00f3n de la fiscal\u00eda 11 que es la que interviene en el caso.\u00a0<\/p>\n\n\n\n<p>Los hechos ocurridos en la tarde de ayer:<br>Son dos casos diferentes que se dieron en la misma tarde. Uno sucedi\u00f3 en el km 299 y el otro en inmediaciones del buque museo Ara Irigoyen. Intervienen Prefectura y Bomberos Voluntarios.<br>Prefectura Naval San Pedro y Bomberos Voluntarios trabajaron en distintos puntos del r\u00edo Paran\u00e1 en la b\u00fasqueda de dos personas que desaparecieron de la superficie mientras se encontraban con otras personas.<br>Uno de los casos se origin\u00f3 en el km 299 del r\u00edo Paran\u00e1, en inmediaciones de Vuelta de Obligado, cuando un hombre oriundo de Villa Urquiza\u00a0 que pescaba junto a un grupo de amigos, cay\u00f3 a las aguas y no volvi\u00f3 a salir a la superficie. All\u00ed trabaja una delegaci\u00f3n de Prefectura perteneciente a la sede de Vuelta de Obligado.<br>Mientras tanto, la brigada de buzos de Bomberos Voluntarios San Pedro, trabaja en inmediaciones del buque museo Ara Irigoyen en la b\u00fasqueda de un joven de unos 22 a\u00f1os, oriundo del Gran Buenos Aires, que habr\u00eda llegado a las costas del riacho junto a un grupo de amigos. Se arroj\u00f3 a las aguas junto a las otras personas y nunca m\u00e1s sali\u00f3 a flote.<br>La inmediatez de ambos casos oblig\u00f3 a Prefectura pedir apoyo a la Brigada de Buzos de Bomberos y Brigada PAE para poder intervenir a la vez en ambos casos.<\/p>\n\n\n\n<p>Fuente: <a href=\"https:\/\/www.sanpedroinforma.com.ar\/nota\/123857\/interes-general\/hallaron-sin-vida-al-joven-armenio-que-cayo-al-rio-parana.html\">San Pedro Informa<\/a><\/p>\n\n\n\n<figure class=\"wp-block-image size-large\"><img decoding=\"async\" width=\"960\" height=\"540\" data-attachment-id=\"84341\" data-permalink=\"https:\/\/eldiariodesanpedro.com.ar\/sitio\/hallaron-sin-vida-al-joven-armenio-que-cayo-al-rio-parana\/130722070_1442938395913260_4984174927299110620_n\/\" data-orig-file=\"https:\/\/eldiariodesanpedro.com.ar\/sitio\/wp-content\/uploads\/2020\/12\/130722070_1442938395913260_4984174927299110620_n.jpg\" data-orig-size=\"960,540\" data-comments-opened=\"1\" data-image-meta=\"{&quot;aperture&quot;:&quot;0&quot;,&quot;credit&quot;:&quot;&quot;,&quot;camera&quot;:&quot;&quot;,&quot;caption&quot;:&quot;&quot;,&quot;created_timestamp&quot;:&quot;0&quot;,&quot;copyright&quot;:&quot;&quot;,&quot;focal_length&quot;:&quot;0&quot;,&quot;iso&quot;:&quot;0&quot;,&quot;shutter_speed&quot;:&quot;0&quot;,&quot;title&quot;:&quot;&quot;,&quot;orientation&quot;:&quot;0&quot;}\" data-image-title=\"130722070_1442938395913260_4984174927299110620_n\" data-image-description=\"\" data-image-caption=\"\" data-large-file=\"https:\/\/eldiariodesanpedro.com.ar\/sitio\/wp-content\/uploads\/2020\/12\/130722070_1442938395913260_4984174927299110620_n.jpg\" data-src=\"https:\/\/eldiariodesanpedro.com.ar\/sitio\/wp-content\/uploads\/2020\/12\/130722070_1442938395913260_4984174927299110620_n.jpg\" alt=\"\" class=\"wp-image-84341 lazyload\" data-srcset=\"https:\/\/eldiariodesanpedro.com.ar\/sitio\/wp-content\/uploads\/2020\/12\/130722070_1442938395913260_4984174927299110620_n.jpg 960w, https:\/\/eldiariodesanpedro.com.ar\/sitio\/wp-content\/uploads\/2020\/12\/130722070_1442938395913260_4984174927299110620_n-300x169.jpg 300w, https:\/\/eldiariodesanpedro.com.ar\/sitio\/wp-content\/uploads\/2020\/12\/130722070_1442938395913260_4984174927299110620_n-768x432.jpg 768w, https:\/\/eldiariodesanpedro.com.ar\/sitio\/wp-content\/uploads\/2020\/12\/130722070_1442938395913260_4984174927299110620_n-800x450.jpg 800w\" data-sizes=\"(max-width: 960px) 100vw, 960px\" src=\"data:image\/svg+xml;base64,PHN2ZyB3aWR0aD0iMSIgaGVpZ2h0PSIxIiB4bWxucz0iaHR0cDovL3d3dy53My5vcmcvMjAwMC9zdmciPjwvc3ZnPg==\" style=\"--smush-placeholder-width: 960px; --smush-placeholder-aspect-ratio: 960\/540;\" \/><\/figure>\n\n\n\n<figure class=\"wp-block-image size-large\"><img decoding=\"async\" width=\"960\" height=\"540\" data-attachment-id=\"84339\" data-permalink=\"https:\/\/eldiariodesanpedro.com.ar\/sitio\/hallaron-sin-vida-al-joven-armenio-que-cayo-al-rio-parana\/130705961_844833953006561_725698718887585812_n\/\" data-orig-file=\"https:\/\/eldiariodesanpedro.com.ar\/sitio\/wp-content\/uploads\/2020\/12\/130705961_844833953006561_725698718887585812_n.jpg\" data-orig-size=\"960,540\" data-comments-opened=\"1\" data-image-meta=\"{&quot;aperture&quot;:&quot;0&quot;,&quot;credit&quot;:&quot;&quot;,&quot;camera&quot;:&quot;&quot;,&quot;caption&quot;:&quot;&quot;,&quot;created_timestamp&quot;:&quot;0&quot;,&quot;copyright&quot;:&quot;&quot;,&quot;focal_length&quot;:&quot;0&quot;,&quot;iso&quot;:&quot;0&quot;,&quot;shutter_speed&quot;:&quot;0&quot;,&quot;title&quot;:&quot;&quot;,&quot;orientation&quot;:&quot;0&quot;}\" data-image-title=\"130705961_844833953006561_725698718887585812_n\" data-image-description=\"\" data-image-caption=\"\" data-large-file=\"https:\/\/eldiariodesanpedro.com.ar\/sitio\/wp-content\/uploads\/2020\/12\/130705961_844833953006561_725698718887585812_n.jpg\" data-src=\"https:\/\/eldiariodesanpedro.com.ar\/sitio\/wp-content\/uploads\/2020\/12\/130705961_844833953006561_725698718887585812_n.jpg\" alt=\"\" class=\"wp-image-84339 lazyload\" data-srcset=\"https:\/\/eldiariodesanpedro.com.ar\/sitio\/wp-content\/uploads\/2020\/12\/130705961_844833953006561_725698718887585812_n.jpg 960w, https:\/\/eldiariodesanpedro.com.ar\/sitio\/wp-content\/uploads\/2020\/12\/130705961_844833953006561_725698718887585812_n-300x169.jpg 300w, https:\/\/eldiariodesanpedro.com.ar\/sitio\/wp-content\/uploads\/2020\/12\/130705961_844833953006561_725698718887585812_n-768x432.jpg 768w, https:\/\/eldiariodesanpedro.com.ar\/sitio\/wp-content\/uploads\/2020\/12\/130705961_844833953006561_725698718887585812_n-800x450.jpg 800w\" data-sizes=\"(max-width: 960px) 100vw, 960px\" src=\"data:image\/svg+xml;base64,PHN2ZyB3aWR0aD0iMSIgaGVpZ2h0PSIxIiB4bWxucz0iaHR0cDovL3d3dy53My5vcmcvMjAwMC9zdmciPjwvc3ZnPg==\" style=\"--smush-placeholder-width: 960px; --smush-placeholder-aspect-ratio: 960\/540;\" \/><\/figure>\n\n\n\n<figure class=\"wp-block-image size-large\"><img decoding=\"async\" width=\"864\" height=\"486\" data-attachment-id=\"84338\" data-permalink=\"https:\/\/eldiariodesanpedro.com.ar\/sitio\/hallaron-sin-vida-al-joven-armenio-que-cayo-al-rio-parana\/130761786_1323549341315369_9198545148902066064_n\/\" data-orig-file=\"https:\/\/eldiariodesanpedro.com.ar\/sitio\/wp-content\/uploads\/2020\/12\/130761786_1323549341315369_9198545148902066064_n.jpg\" data-orig-size=\"864,486\" data-comments-opened=\"1\" data-image-meta=\"{&quot;aperture&quot;:&quot;0&quot;,&quot;credit&quot;:&quot;&quot;,&quot;camera&quot;:&quot;&quot;,&quot;caption&quot;:&quot;&quot;,&quot;created_timestamp&quot;:&quot;0&quot;,&quot;copyright&quot;:&quot;&quot;,&quot;focal_length&quot;:&quot;0&quot;,&quot;iso&quot;:&quot;0&quot;,&quot;shutter_speed&quot;:&quot;0&quot;,&quot;title&quot;:&quot;&quot;,&quot;orientation&quot;:&quot;0&quot;}\" data-image-title=\"130761786_1323549341315369_9198545148902066064_n\" data-image-description=\"\" data-image-caption=\"\" data-large-file=\"https:\/\/eldiariodesanpedro.com.ar\/sitio\/wp-content\/uploads\/2020\/12\/130761786_1323549341315369_9198545148902066064_n.jpg\" data-src=\"https:\/\/eldiariodesanpedro.com.ar\/sitio\/wp-content\/uploads\/2020\/12\/130761786_1323549341315369_9198545148902066064_n.jpg\" alt=\"\" class=\"wp-image-84338 lazyload\" data-srcset=\"https:\/\/eldiariodesanpedro.com.ar\/sitio\/wp-content\/uploads\/2020\/12\/130761786_1323549341315369_9198545148902066064_n.jpg 864w, https:\/\/eldiariodesanpedro.com.ar\/sitio\/wp-content\/uploads\/2020\/12\/130761786_1323549341315369_9198545148902066064_n-300x169.jpg 300w, https:\/\/eldiariodesanpedro.com.ar\/sitio\/wp-content\/uploads\/2020\/12\/130761786_1323549341315369_9198545148902066064_n-768x432.jpg 768w, https:\/\/eldiariodesanpedro.com.ar\/sitio\/wp-content\/uploads\/2020\/12\/130761786_1323549341315369_9198545148902066064_n-800x450.jpg 800w\" data-sizes=\"(max-width: 864px) 100vw, 864px\" src=\"data:image\/svg+xml;base64,PHN2ZyB3aWR0aD0iMSIgaGVpZ2h0PSIxIiB4bWxucz0iaHR0cDovL3d3dy53My5vcmcvMjAwMC9zdmciPjwvc3ZnPg==\" style=\"--smush-placeholder-width: 864px; --smush-placeholder-aspect-ratio: 864\/486;\" \/><\/figure>\n\n\n\n<figure class=\"wp-block-image size-large\"><img decoding=\"async\" width=\"960\" height=\"540\" data-attachment-id=\"84337\" data-permalink=\"https:\/\/eldiariodesanpedro.com.ar\/sitio\/hallaron-sin-vida-al-joven-armenio-que-cayo-al-rio-parana\/130738824_1089411481518070_852856759217671175_n\/\" data-orig-file=\"https:\/\/eldiariodesanpedro.com.ar\/sitio\/wp-content\/uploads\/2020\/12\/130738824_1089411481518070_852856759217671175_n.jpg\" data-orig-size=\"960,540\" data-comments-opened=\"1\" data-image-meta=\"{&quot;aperture&quot;:&quot;0&quot;,&quot;credit&quot;:&quot;&quot;,&quot;camera&quot;:&quot;&quot;,&quot;caption&quot;:&quot;&quot;,&quot;created_timestamp&quot;:&quot;0&quot;,&quot;copyright&quot;:&quot;&quot;,&quot;focal_length&quot;:&quot;0&quot;,&quot;iso&quot;:&quot;0&quot;,&quot;shutter_speed&quot;:&quot;0&quot;,&quot;title&quot;:&quot;&quot;,&quot;orientation&quot;:&quot;0&quot;}\" data-image-title=\"130738824_1089411481518070_852856759217671175_n\" data-image-description=\"\" data-image-caption=\"\" data-large-file=\"https:\/\/eldiariodesanpedro.com.ar\/sitio\/wp-content\/uploads\/2020\/12\/130738824_1089411481518070_852856759217671175_n.jpg\" data-src=\"https:\/\/eldiariodesanpedro.com.ar\/sitio\/wp-content\/uploads\/2020\/12\/130738824_1089411481518070_852856759217671175_n.jpg\" alt=\"\" class=\"wp-image-84337 lazyload\" data-srcset=\"https:\/\/eldiariodesanpedro.com.ar\/sitio\/wp-content\/uploads\/2020\/12\/130738824_1089411481518070_852856759217671175_n.jpg 960w, https:\/\/eldiariodesanpedro.com.ar\/sitio\/wp-content\/uploads\/2020\/12\/130738824_1089411481518070_852856759217671175_n-300x169.jpg 300w, https:\/\/eldiariodesanpedro.com.ar\/sitio\/wp-content\/uploads\/2020\/12\/130738824_1089411481518070_852856759217671175_n-768x432.jpg 768w, https:\/\/eldiariodesanpedro.com.ar\/sitio\/wp-content\/uploads\/2020\/12\/130738824_1089411481518070_852856759217671175_n-800x450.jpg 800w\" data-sizes=\"(max-width: 960px) 100vw, 960px\" src=\"data:image\/svg+xml;base64,PHN2ZyB3aWR0aD0iMSIgaGVpZ2h0PSIxIiB4bWxucz0iaHR0cDovL3d3dy53My5vcmcvMjAwMC9zdmciPjwvc3ZnPg==\" style=\"--smush-placeholder-width: 960px; --smush-placeholder-aspect-ratio: 960\/540;\" \/><\/figure>\n\n\n\n<figure class=\"wp-block-image size-large\"><img decoding=\"async\" width=\"960\" height=\"540\" data-attachment-id=\"84336\" data-permalink=\"https:\/\/eldiariodesanpedro.com.ar\/sitio\/hallaron-sin-vida-al-joven-armenio-que-cayo-al-rio-parana\/130722523_382129259742551_4269302281308039343_n\/\" data-orig-file=\"https:\/\/eldiariodesanpedro.com.ar\/sitio\/wp-content\/uploads\/2020\/12\/130722523_382129259742551_4269302281308039343_n.jpg\" data-orig-size=\"960,540\" data-comments-opened=\"1\" data-image-meta=\"{&quot;aperture&quot;:&quot;0&quot;,&quot;credit&quot;:&quot;&quot;,&quot;camera&quot;:&quot;&quot;,&quot;caption&quot;:&quot;&quot;,&quot;created_timestamp&quot;:&quot;0&quot;,&quot;copyright&quot;:&quot;&quot;,&quot;focal_length&quot;:&quot;0&quot;,&quot;iso&quot;:&quot;0&quot;,&quot;shutter_speed&quot;:&quot;0&quot;,&quot;title&quot;:&quot;&quot;,&quot;orientation&quot;:&quot;0&quot;}\" data-image-title=\"130722523_382129259742551_4269302281308039343_n\" data-image-description=\"\" data-image-caption=\"\" data-large-file=\"https:\/\/eldiariodesanpedro.com.ar\/sitio\/wp-content\/uploads\/2020\/12\/130722523_382129259742551_4269302281308039343_n.jpg\" data-src=\"https:\/\/eldiariodesanpedro.com.ar\/sitio\/wp-content\/uploads\/2020\/12\/130722523_382129259742551_4269302281308039343_n.jpg\" alt=\"\" class=\"wp-image-84336 lazyload\" data-srcset=\"https:\/\/eldiariodesanpedro.com.ar\/sitio\/wp-content\/uploads\/2020\/12\/130722523_382129259742551_4269302281308039343_n.jpg 960w, https:\/\/eldiariodesanpedro.com.ar\/sitio\/wp-content\/uploads\/2020\/12\/130722523_382129259742551_4269302281308039343_n-300x169.jpg 300w, https:\/\/eldiariodesanpedro.com.ar\/sitio\/wp-content\/uploads\/2020\/12\/130722523_382129259742551_4269302281308039343_n-768x432.jpg 768w, https:\/\/eldiariodesanpedro.com.ar\/sitio\/wp-content\/uploads\/2020\/12\/130722523_382129259742551_4269302281308039343_n-800x450.jpg 800w\" data-sizes=\"(max-width: 960px) 100vw, 960px\" src=\"data:image\/svg+xml;base64,PHN2ZyB3aWR0aD0iMSIgaGVpZ2h0PSIxIiB4bWxucz0iaHR0cDovL3d3dy53My5vcmcvMjAwMC9zdmciPjwvc3ZnPg==\" style=\"--smush-placeholder-width: 960px; --smush-placeholder-aspect-ratio: 960\/540;\" \/><\/figure>\n\n\n\n<figure class=\"wp-block-image size-large\"><img decoding=\"async\" width=\"960\" height=\"540\" data-attachment-id=\"84335\" data-permalink=\"https:\/\/eldiariodesanpedro.com.ar\/sitio\/hallaron-sin-vida-al-joven-armenio-que-cayo-al-rio-parana\/130766265_2818061608482236_8360073537748351233_n\/\" data-orig-file=\"https:\/\/eldiariodesanpedro.com.ar\/sitio\/wp-content\/uploads\/2020\/12\/130766265_2818061608482236_8360073537748351233_n.jpg\" data-orig-size=\"960,540\" data-comments-opened=\"1\" data-image-meta=\"{&quot;aperture&quot;:&quot;0&quot;,&quot;credit&quot;:&quot;&quot;,&quot;camera&quot;:&quot;&quot;,&quot;caption&quot;:&quot;&quot;,&quot;created_timestamp&quot;:&quot;0&quot;,&quot;copyright&quot;:&quot;&quot;,&quot;focal_length&quot;:&quot;0&quot;,&quot;iso&quot;:&quot;0&quot;,&quot;shutter_speed&quot;:&quot;0&quot;,&quot;title&quot;:&quot;&quot;,&quot;orientation&quot;:&quot;0&quot;}\" data-image-title=\"130766265_2818061608482236_8360073537748351233_n\" data-image-description=\"\" data-image-caption=\"\" data-large-file=\"https:\/\/eldiariodesanpedro.com.ar\/sitio\/wp-content\/uploads\/2020\/12\/130766265_2818061608482236_8360073537748351233_n.jpg\" data-src=\"https:\/\/eldiariodesanpedro.com.ar\/sitio\/wp-content\/uploads\/2020\/12\/130766265_2818061608482236_8360073537748351233_n.jpg\" alt=\"\" class=\"wp-image-84335 lazyload\" data-srcset=\"https:\/\/eldiariodesanpedro.com.ar\/sitio\/wp-content\/uploads\/2020\/12\/130766265_2818061608482236_8360073537748351233_n.jpg 960w, https:\/\/eldiariodesanpedro.com.ar\/sitio\/wp-content\/uploads\/2020\/12\/130766265_2818061608482236_8360073537748351233_n-300x169.jpg 300w, https:\/\/eldiariodesanpedro.com.ar\/sitio\/wp-content\/uploads\/2020\/12\/130766265_2818061608482236_8360073537748351233_n-768x432.jpg 768w, https:\/\/eldiariodesanpedro.com.ar\/sitio\/wp-content\/uploads\/2020\/12\/130766265_2818061608482236_8360073537748351233_n-800x450.jpg 800w\" data-sizes=\"(max-width: 960px) 100vw, 960px\" src=\"data:image\/svg+xml;base64,PHN2ZyB3aWR0aD0iMSIgaGVpZ2h0PSIxIiB4bWxucz0iaHR0cDovL3d3dy53My5vcmcvMjAwMC9zdmciPjwvc3ZnPg==\" style=\"--smush-placeholder-width: 960px; --smush-placeholder-aspect-ratio: 960\/540;\" \/><\/figure>\n\n\n\n<figure class=\"wp-block-image size-large\"><img decoding=\"async\" width=\"960\" height=\"540\" data-attachment-id=\"84333\" data-permalink=\"https:\/\/eldiariodesanpedro.com.ar\/sitio\/hallaron-sin-vida-al-joven-armenio-que-cayo-al-rio-parana\/130815110_875812523157311_3499541551881752658_n\/\" data-orig-file=\"https:\/\/eldiariodesanpedro.com.ar\/sitio\/wp-content\/uploads\/2020\/12\/130815110_875812523157311_3499541551881752658_n.jpg\" data-orig-size=\"960,540\" data-comments-opened=\"1\" data-image-meta=\"{&quot;aperture&quot;:&quot;0&quot;,&quot;credit&quot;:&quot;&quot;,&quot;camera&quot;:&quot;&quot;,&quot;caption&quot;:&quot;&quot;,&quot;created_timestamp&quot;:&quot;0&quot;,&quot;copyright&quot;:&quot;&quot;,&quot;focal_length&quot;:&quot;0&quot;,&quot;iso&quot;:&quot;0&quot;,&quot;shutter_speed&quot;:&quot;0&quot;,&quot;title&quot;:&quot;&quot;,&quot;orientation&quot;:&quot;0&quot;}\" data-image-title=\"130815110_875812523157311_3499541551881752658_n\" data-image-description=\"\" data-image-caption=\"\" data-large-file=\"https:\/\/eldiariodesanpedro.com.ar\/sitio\/wp-content\/uploads\/2020\/12\/130815110_875812523157311_3499541551881752658_n.jpg\" data-src=\"https:\/\/eldiariodesanpedro.com.ar\/sitio\/wp-content\/uploads\/2020\/12\/130815110_875812523157311_3499541551881752658_n.jpg\" alt=\"\" class=\"wp-image-84333 lazyload\" data-srcset=\"https:\/\/eldiariodesanpedro.com.ar\/sitio\/wp-content\/uploads\/2020\/12\/130815110_875812523157311_3499541551881752658_n.jpg 960w, https:\/\/eldiariodesanpedro.com.ar\/sitio\/wp-content\/uploads\/2020\/12\/130815110_875812523157311_3499541551881752658_n-300x169.jpg 300w, https:\/\/eldiariodesanpedro.com.ar\/sitio\/wp-content\/uploads\/2020\/12\/130815110_875812523157311_3499541551881752658_n-768x432.jpg 768w, https:\/\/eldiariodesanpedro.com.ar\/sitio\/wp-content\/uploads\/2020\/12\/130815110_875812523157311_3499541551881752658_n-800x450.jpg 800w\" data-sizes=\"(max-width: 960px) 100vw, 960px\" src=\"data:image\/svg+xml;base64,PHN2ZyB3aWR0aD0iMSIgaGVpZ2h0PSIxIiB4bWxucz0iaHR0cDovL3d3dy53My5vcmcvMjAwMC9zdmciPjwvc3ZnPg==\" style=\"--smush-placeholder-width: 960px; --smush-placeholder-aspect-ratio: 960\/540;\" \/><\/figure>\n\n\n\n<figure class=\"wp-block-image size-large\"><img decoding=\"async\" width=\"960\" height=\"540\" data-attachment-id=\"84331\" data-permalink=\"https:\/\/eldiariodesanpedro.com.ar\/sitio\/hallaron-sin-vida-al-joven-armenio-que-cayo-al-rio-parana\/130771332_294045532034043_8382429529969941857_n\/\" data-orig-file=\"https:\/\/eldiariodesanpedro.com.ar\/sitio\/wp-content\/uploads\/2020\/12\/130771332_294045532034043_8382429529969941857_n.jpg\" data-orig-size=\"960,540\" data-comments-opened=\"1\" data-image-meta=\"{&quot;aperture&quot;:&quot;0&quot;,&quot;credit&quot;:&quot;&quot;,&quot;camera&quot;:&quot;&quot;,&quot;caption&quot;:&quot;&quot;,&quot;created_timestamp&quot;:&quot;0&quot;,&quot;copyright&quot;:&quot;&quot;,&quot;focal_length&quot;:&quot;0&quot;,&quot;iso&quot;:&quot;0&quot;,&quot;shutter_speed&quot;:&quot;0&quot;,&quot;title&quot;:&quot;&quot;,&quot;orientation&quot;:&quot;0&quot;}\" data-image-title=\"130771332_294045532034043_8382429529969941857_n\" data-image-description=\"\" data-image-caption=\"\" data-large-file=\"https:\/\/eldiariodesanpedro.com.ar\/sitio\/wp-content\/uploads\/2020\/12\/130771332_294045532034043_8382429529969941857_n.jpg\" data-src=\"https:\/\/eldiariodesanpedro.com.ar\/sitio\/wp-content\/uploads\/2020\/12\/130771332_294045532034043_8382429529969941857_n.jpg\" alt=\"\" class=\"wp-image-84331 lazyload\" data-srcset=\"https:\/\/eldiariodesanpedro.com.ar\/sitio\/wp-content\/uploads\/2020\/12\/130771332_294045532034043_8382429529969941857_n.jpg 960w, https:\/\/eldiariodesanpedro.com.ar\/sitio\/wp-content\/uploads\/2020\/12\/130771332_294045532034043_8382429529969941857_n-300x169.jpg 300w, https:\/\/eldiariodesanpedro.com.ar\/sitio\/wp-content\/uploads\/2020\/12\/130771332_294045532034043_8382429529969941857_n-768x432.jpg 768w, https:\/\/eldiariodesanpedro.com.ar\/sitio\/wp-content\/uploads\/2020\/12\/130771332_294045532034043_8382429529969941857_n-800x450.jpg 800w\" data-sizes=\"(max-width: 960px) 100vw, 960px\" src=\"data:image\/svg+xml;base64,PHN2ZyB3aWR0aD0iMSIgaGVpZ2h0PSIxIiB4bWxucz0iaHR0cDovL3d3dy53My5vcmcvMjAwMC9zdmciPjwvc3ZnPg==\" style=\"--smush-placeholder-width: 960px; --smush-placeholder-aspect-ratio: 960\/540;\" \/><\/figure>\n","protected":false},"excerpt":{"rendered":"<p>Personal de Prefectura que estaba abocado a la b\u00fasqueda hall\u00f3 el cuerpo de\u00a0Abraham Abrahamyan\u00a0en la misma zona adonde hab\u00eda ca\u00eddo.Sobre la tarde noche del lunes personal de Prefectura Naval hall\u00f3 el cuerpo sin vida de\u00a0Abraham Abrahamyan, el joven de 29 a\u00f1os de nacionalidad armenia que hab\u00eda ca\u00eddo a las aguas del r\u00edo Paran\u00e1\u00a0sobre el kil\u00f3metro [&hellip;]<\/p>\n","protected":false},"author":4,"featured_media":84340,"comment_status":"open","ping_status":"closed","sticky":false,"template":"","format":"standard","meta":{"om_disable_all_campaigns":false,"_jetpack_memberships_contains_paid_content":false,"footnotes":""},"categories":[2],"tags":[197,696,33,1040],"class_list":["post-84330","post","type-post","status-publish","format-standard","has-post-thumbnail","hentry","category-locales","tag-buenos-aires","tag-interes-general","tag-locales","tag-san-pedro-buenos-aires"],"aioseo_notices":[],"gutentor_comment":0,"jetpack_featured_media_url":"https:\/\/eldiariodesanpedro.com.ar\/sitio\/wp-content\/uploads\/2020\/12\/130828850_211953037070644_2716960147943545448_n.jpg","jetpack_shortlink":"https:\/\/wp.me\/p6RhLt-lWa","jetpack_sharing_enabled":true,"_links":{"self":[{"href":"https:\/\/eldiariodesanpedro.com.ar\/sitio\/wp-json\/wp\/v2\/posts\/84330","targetHints":{"allow":["GET"]}}],"collection":[{"href":"https:\/\/eldiariodesanpedro.com.ar\/sitio\/wp-json\/wp\/v2\/posts"}],"about":[{"href":"https:\/\/eldiariodesanpedro.com.ar\/sitio\/wp-json\/wp\/v2\/types\/post"}],"author":[{"embeddable":true,"href":"https:\/\/eldiariodesanpedro.com.ar\/sitio\/wp-json\/wp\/v2\/users\/4"}],"replies":[{"embeddable":true,"href":"https:\/\/eldiariodesanpedro.com.ar\/sitio\/wp-json\/wp\/v2\/comments?post=84330"}],"version-history":[{"count":1,"href":"https:\/\/eldiariodesanpedro.com.ar\/sitio\/wp-json\/wp\/v2\/posts\/84330\/revisions"}],"predecessor-version":[{"id":84342,"href":"https:\/\/eldiariodesanpedro.com.ar\/sitio\/wp-json\/wp\/v2\/posts\/84330\/revisions\/84342"}],"wp:featuredmedia":[{"embeddable":true,"href":"https:\/\/eldiariodesanpedro.com.ar\/sitio\/wp-json\/wp\/v2\/media\/84340"}],"wp:attachment":[{"href":"https:\/\/eldiariodesanpedro.com.ar\/sitio\/wp-json\/wp\/v2\/media?parent=84330"}],"wp:term":[{"taxonomy":"category","embeddable":true,"href":"https:\/\/eldiariodesanpedro.com.ar\/sitio\/wp-json\/wp\/v2\/categories?post=84330"},{"taxonomy":"post_tag","embeddable":true,"href":"https:\/\/eldiariodesanpedro.com.ar\/sitio\/wp-json\/wp\/v2\/tags?post=84330"}],"curies":[{"name":"wp","href":"https:\/\/api.w.org\/{rel}","templated":true}]}}