{"id":84327,"date":"2020-12-08T11:00:37","date_gmt":"2020-12-08T14:00:37","guid":{"rendered":"https:\/\/eldiariodesanpedro.com.ar\/sitio\/?p=84327"},"modified":"2020-12-08T11:00:40","modified_gmt":"2020-12-08T14:00:40","slug":"el-doctor-javier-silva-se-suma-al-equipo-de-obras-publicas","status":"publish","type":"post","link":"https:\/\/eldiariodesanpedro.com.ar\/sitio\/el-doctor-javier-silva-se-suma-al-equipo-de-obras-publicas\/","title":{"rendered":"El doctor Javier Silva se suma al equipo de Obras P\u00fablicas"},"content":{"rendered":"<!-- VideographyWP Plugin Message: Automatic video embedding prevented by plugin options. -->\n\n<p>El propio Intendente Salazar adelant\u00f3 en el aire de FM G\u00e9nesis que oficiar\u00e1 de nexo para todo tipo de tareas administrativas que desde el \u00e1rea se deba hacer, \u201cas\u00ed no hay demoras\u201d.<\/p>\n\n\n\n<p>El actual Director de la Oficina de Escrituraciones de la Municipalidad, Dr. Javier Silva, acord\u00f3 con el Intendente Cecilio Salazar sumarse al equipo de trabajo de Obras P\u00fablicas ante la demanda que tiene el \u00e1rea que conduce Ariel \u00c1lvarez.<\/p>\n\n\n\n<p>El funcionario, quien a la vez fue Secretario de Gobierno del municipio durante el per\u00edodo de Pablo Guacone como Intendente, oficiar\u00e1 de nexo entre la Secretar\u00eda de Obras P\u00fablicas y el gobierno local y provincial para acelerar todos los tr\u00e1mites administrativos y agilizar as\u00ed las propuestas que desde el \u00e1rea se elaboren.<\/p>\n\n\n\n<p>\u201cYo quiero que el equipo de Obras P\u00fablicas se dedique a elaborar los proyectos que nos hacen falta\u201d, se\u00f1al\u00f3 el Intendente Salazar en el aire de FM G\u00e9nesis.<\/p>\n\n\n\n<p>\u201cJavier (Silva) va ser el nexo para la comunicaci\u00f3n con distintos ministerios, adem\u00e1s de todas las certificaciones que haya que hacer, y de paso no tenemos demoras\u201d, destac\u00f3.<\/p>\n\n\n\n<p>A la vez el mandatario destac\u00f3 que esto no significa que el Dr. Silva deje la Oficina de Escrituraciones, sino que solo se sumar\u00e1 como colaborador de la Secretar\u00eda de Obras P\u00fablicas.\u00a0<\/p>\n\n\n\n<p>Fuente: <a href=\"https:\/\/www.sanpedroinforma.com.ar\/nota\/123851\/politica\/el-doctor-javier-silva-se-suma-al-equipo-de-obras-publicas.html\">San Pedro Informa<\/a><\/p>\n","protected":false},"excerpt":{"rendered":"<p>El propio Intendente Salazar adelant\u00f3 en el aire de FM G\u00e9nesis que oficiar\u00e1 de nexo para todo tipo de tareas administrativas que desde el \u00e1rea se deba hacer, \u201cas\u00ed no hay demoras\u201d. El actual Director de la Oficina de Escrituraciones de la Municipalidad, Dr. Javier Silva, acord\u00f3 con el Intendente Cecilio Salazar sumarse al equipo [&hellip;]<\/p>\n","protected":false},"author":4,"featured_media":84328,"comment_status":"open","ping_status":"closed","sticky":false,"template":"","format":"standard","meta":{"om_disable_all_campaigns":false,"_jetpack_memberships_contains_paid_content":false,"footnotes":""},"categories":[50,101,2],"tags":[197,1960,696,33],"class_list":["post-84327","post","type-post","status-publish","format-standard","has-post-thumbnail","hentry","category-destacadas","category-interes-general-locales","category-locales","tag-buenos-aires","tag-el-doctor-javier-silva-se-suma-al-equipo-de-obras-publicas","tag-interes-general","tag-locales"],"aioseo_notices":[],"gutentor_comment":0,"jetpack_featured_media_url":"https:\/\/eldiariodesanpedro.com.ar\/sitio\/wp-content\/uploads\/2020\/12\/000088658.jpg","jetpack_shortlink":"https:\/\/wp.me\/p6RhLt-lW7","jetpack_sharing_enabled":true,"_links":{"self":[{"href":"https:\/\/eldiariodesanpedro.com.ar\/sitio\/wp-json\/wp\/v2\/posts\/84327","targetHints":{"allow":["GET"]}}],"collection":[{"href":"https:\/\/eldiariodesanpedro.com.ar\/sitio\/wp-json\/wp\/v2\/posts"}],"about":[{"href":"https:\/\/eldiariodesanpedro.com.ar\/sitio\/wp-json\/wp\/v2\/types\/post"}],"author":[{"embeddable":true,"href":"https:\/\/eldiariodesanpedro.com.ar\/sitio\/wp-json\/wp\/v2\/users\/4"}],"replies":[{"embeddable":true,"href":"https:\/\/eldiariodesanpedro.com.ar\/sitio\/wp-json\/wp\/v2\/comments?post=84327"}],"version-history":[{"count":1,"href":"https:\/\/eldiariodesanpedro.com.ar\/sitio\/wp-json\/wp\/v2\/posts\/84327\/revisions"}],"predecessor-version":[{"id":84329,"href":"https:\/\/eldiariodesanpedro.com.ar\/sitio\/wp-json\/wp\/v2\/posts\/84327\/revisions\/84329"}],"wp:featuredmedia":[{"embeddable":true,"href":"https:\/\/eldiariodesanpedro.com.ar\/sitio\/wp-json\/wp\/v2\/media\/84328"}],"wp:attachment":[{"href":"https:\/\/eldiariodesanpedro.com.ar\/sitio\/wp-json\/wp\/v2\/media?parent=84327"}],"wp:term":[{"taxonomy":"category","embeddable":true,"href":"https:\/\/eldiariodesanpedro.com.ar\/sitio\/wp-json\/wp\/v2\/categories?post=84327"},{"taxonomy":"post_tag","embeddable":true,"href":"https:\/\/eldiariodesanpedro.com.ar\/sitio\/wp-json\/wp\/v2\/tags?post=84327"}],"curies":[{"name":"wp","href":"https:\/\/api.w.org\/{rel}","templated":true}]}}