{"id":84324,"date":"2020-12-08T10:58:22","date_gmt":"2020-12-08T13:58:22","guid":{"rendered":"https:\/\/eldiariodesanpedro.com.ar\/sitio\/?p=84324"},"modified":"2020-12-08T10:58:23","modified_gmt":"2020-12-08T13:58:23","slug":"el-coi-le-pide-explicaciones-a-la-fay-por-la-situacion-de-julio-alsogaray","status":"publish","type":"post","link":"https:\/\/eldiariodesanpedro.com.ar\/sitio\/el-coi-le-pide-explicaciones-a-la-fay-por-la-situacion-de-julio-alsogaray\/","title":{"rendered":"El COI le pide explicaciones a la FAY por la situaci\u00f3n de Julio Alsogaray"},"content":{"rendered":"<!-- VideographyWP Plugin Message: Automatic video embedding prevented by plugin options. -->\n\n<p>La entidad que rige en el yachting nacional dej\u00f3 afuera al sampedrino de los Juegos de Tokio a pesar de haber ganado el preol\u00edmpico. Ahora el Comit\u00e9 Ol\u00edmpico le solicita respuestas a la entidad tras la nota enviada por Alsogaray.<\/p>\n\n\n\n<p>El propio Julio Alsogaray hab\u00eda declarado que agotar\u00eda todas las instancias para que las autoridades entendidas en la materia de devolvieran la plaza ol\u00edmpica que se gan\u00f3 compitiendo en el agua y perdi\u00f3 en los escritorios sin demasiados argumentos.<\/p>\n\n\n\n<p>Con fecha del 7 de diciembre y firmada por sus principales directivos, Gerardo Werthein y Mario Moccia, el Comit\u00e9 Ol\u00edmpico Argentino, respondi\u00f3 la solicitud del deportista sampedrino y le pidi\u00f3 a la Federaci\u00f3n Argentina de Yachting que le informe y argumente la resoluci\u00f3n tomada a principios de a\u00f1os donde deja al margen de los Juegos Ol\u00edmpicos de Tokio a Alsogaray quien hab\u00eda ganado el preol\u00edmpico programado para elegir al representante nacional. \u00a0<\/p>\n\n\n\n<p>\u201cHemos dado profunda lectura a su presentaci\u00f3n y como consecuencia de \u00e9sta, nos estamos dirigiendo a la FAY para conocer en detalle los criterios clasificatorios y dem\u00e1s circunstancias que rodean su denuncia\u201d, expresa la nota.<\/p>\n\n\n\n<p>\u201cSi el accionar de la FAY respecto de su persona ha violado las disposiciones de su estatuto como usted afirma, deber\u00eda usted evaluar, si no lo ha hecho ya, poner tal circunstancia en conocimiento de la Inspecci\u00f3n General de Justicia que es la entidad encargada de poner remedio a tales desviaciones\u201d, aconsejan.<\/p>\n\n\n\n<p>\u201cSi se han conculcado injusta o arbitrariamente sus derechos constitucionales es un juez competente el \u00f3rgano al que usted deber\u00eda recurrir en protecci\u00f3n de sus derechos\u201d, concluye.<\/p>\n\n\n\n<p>LA RESPUESTA COMPLETA<\/p>\n\n\n\n<p>Acusamos recibo de su muy amable e-mail de fecha 14 de abril de 2020, en el que se nos adjunta su presentaci\u00f3n ante este Comit\u00e9 Ol\u00edmpico Argentino fechada el 6 de abril de 2020 y referida a su conflicto con la Federaci\u00f3n Argentina de Yachting (en adelante FAY), por su no inclusi\u00f3n entre los postulantes que dicha Federaci\u00f3n nos hiciera llegar para integrar la Delegaci\u00f3n Argentina a los Juegos Ol\u00edmpicos de Tokio 2020.<\/p>\n\n\n\n<p>En primer lugar, le informamos que hemos dado profunda lectura a su presentaci\u00f3n y como consecuencia de \u00e9sta, nos estamos dirigiendo a la FAY para conocer en detalle los criterios clasificatorios y dem\u00e1s circunstancias que rodean su denuncia.<\/p>\n\n\n\n<p>Sin perjuicio del resultado de nuestra gesti\u00f3n, si el accionar de la FAY respecto de su persona ha violado las disposiciones de su estatuto como usted afirma, deber\u00eda usted evaluar, si no lo ha hecho ya, poner tal circunstancia en conocimiento de la Inspecci\u00f3n General de Justicia que es la entidad encargada de poner remedio a tales desviaciones.<\/p>\n\n\n\n<p>Y si se han conculcado injusta o arbitrariamente sus derechos constitucionales es un juez competente el \u00f3rgano al que usted deber\u00eda recurrir en protecci\u00f3n de sus derechos, circunstancia que deber\u00e1 analizar y evaluar con su letrado patrocinante.<\/p>\n\n\n\n<p>Por \u00faltimo y con relaci\u00f3n a la medida que usted peticiona tome el C.O.A., lamentamos informarle que el criterio de \u00abinminencia del da\u00f1o\u00bb que usted invoca ha desaparecido pues con fecha 24 de marzo de 2020, y como es de dominio p\u00fablico, los Juegos Ol\u00edmpicos de Tokio 2020 han sido postergados para julio de 2021 por lo que tiene usted tiempo suficiente para accionar judicialmente en defensa de sus derechos presuntamente conculcados.<\/p>\n\n\n\n<p>Sin m\u00e1s lo saludamos con nuestra mayor consideraci\u00f3n y estima.<\/p>\n\n\n\n<p>Fuente: <a href=\"https:\/\/www.sanpedroinforma.com.ar\/nota\/123855\/deportes\/el-coi-le-pide-explicaciones-a-la-fay-por-la-situacion-de-julio-alsogaray.html\">San Pedro Informa<\/a><\/p>\n","protected":false},"excerpt":{"rendered":"<p>La entidad que rige en el yachting nacional dej\u00f3 afuera al sampedrino de los Juegos de Tokio a pesar de haber ganado el preol\u00edmpico. Ahora el Comit\u00e9 Ol\u00edmpico le solicita respuestas a la entidad tras la nota enviada por Alsogaray. El propio Julio Alsogaray hab\u00eda declarado que agotar\u00eda todas las instancias para que las autoridades [&hellip;]<\/p>\n","protected":false},"author":4,"featured_media":84325,"comment_status":"open","ping_status":"closed","sticky":false,"template":"","format":"standard","meta":{"om_disable_all_campaigns":false,"_jetpack_memberships_contains_paid_content":false,"footnotes":""},"categories":[101,2],"tags":[197,1959,696,33],"class_list":["post-84324","post","type-post","status-publish","format-standard","has-post-thumbnail","hentry","category-interes-general-locales","category-locales","tag-buenos-aires","tag-el-coi-le-pide-explicaciones-a-la-fay-por-la-situacion-de-julio-alsogaray","tag-interes-general","tag-locales"],"aioseo_notices":[],"gutentor_comment":0,"jetpack_featured_media_url":"https:\/\/eldiariodesanpedro.com.ar\/sitio\/wp-content\/uploads\/2020\/12\/000088714.jpg","jetpack_shortlink":"https:\/\/wp.me\/p6RhLt-lW4","jetpack_sharing_enabled":true,"_links":{"self":[{"href":"https:\/\/eldiariodesanpedro.com.ar\/sitio\/wp-json\/wp\/v2\/posts\/84324","targetHints":{"allow":["GET"]}}],"collection":[{"href":"https:\/\/eldiariodesanpedro.com.ar\/sitio\/wp-json\/wp\/v2\/posts"}],"about":[{"href":"https:\/\/eldiariodesanpedro.com.ar\/sitio\/wp-json\/wp\/v2\/types\/post"}],"author":[{"embeddable":true,"href":"https:\/\/eldiariodesanpedro.com.ar\/sitio\/wp-json\/wp\/v2\/users\/4"}],"replies":[{"embeddable":true,"href":"https:\/\/eldiariodesanpedro.com.ar\/sitio\/wp-json\/wp\/v2\/comments?post=84324"}],"version-history":[{"count":1,"href":"https:\/\/eldiariodesanpedro.com.ar\/sitio\/wp-json\/wp\/v2\/posts\/84324\/revisions"}],"predecessor-version":[{"id":84326,"href":"https:\/\/eldiariodesanpedro.com.ar\/sitio\/wp-json\/wp\/v2\/posts\/84324\/revisions\/84326"}],"wp:featuredmedia":[{"embeddable":true,"href":"https:\/\/eldiariodesanpedro.com.ar\/sitio\/wp-json\/wp\/v2\/media\/84325"}],"wp:attachment":[{"href":"https:\/\/eldiariodesanpedro.com.ar\/sitio\/wp-json\/wp\/v2\/media?parent=84324"}],"wp:term":[{"taxonomy":"category","embeddable":true,"href":"https:\/\/eldiariodesanpedro.com.ar\/sitio\/wp-json\/wp\/v2\/categories?post=84324"},{"taxonomy":"post_tag","embeddable":true,"href":"https:\/\/eldiariodesanpedro.com.ar\/sitio\/wp-json\/wp\/v2\/tags?post=84324"}],"curies":[{"name":"wp","href":"https:\/\/api.w.org\/{rel}","templated":true}]}}