{"id":84321,"date":"2020-12-08T10:53:51","date_gmt":"2020-12-08T13:53:51","guid":{"rendered":"https:\/\/eldiariodesanpedro.com.ar\/sitio\/?p=84321"},"modified":"2020-12-08T10:53:55","modified_gmt":"2020-12-08T13:53:55","slug":"a-morro-iglesias-le-arrebataron-las-ilusiones","status":"publish","type":"post","link":"https:\/\/eldiariodesanpedro.com.ar\/sitio\/a-morro-iglesias-le-arrebataron-las-ilusiones\/","title":{"rendered":"A \u00abMorro\u00bb Iglesias le arrebataron las ilusiones"},"content":{"rendered":"<!-- VideographyWP Plugin Message: Automatic video embedding prevented by plugin options. -->\n\n<p>El piloto sampedrino llegaba con muchas expectativas a la \u00faltima fecha del TC Mouras pero una pol\u00e9mica\u00a0maniobra\u00a0 lo dej\u00f3 afuera de la carrera y de todas las chances de pasar a una categor\u00eda superior.<\/p>\n\n\n\n<p>Fernando \u00abMorro\u00bb Iglesias llegaba con todas las ilusiones a la \u00faltima fecha del TC Mouras. El aut\u00f3dromo de La Plata fue el escenario de la definici\u00f3n del campeonato donde adem\u00e1s del t\u00edtulo estaba en juego el pase a la categor\u00eda superior inmediata.<\/p>\n\n\n\n<p>El sampedrino ven\u00eda teniendo un buen fin de semana que le permiti\u00f3 largar la final del domingo al mediod\u00eda y aspirar a concretar el objetivo.<\/p>\n\n\n\n<p>Lamentablemente una pol\u00e9mica maniobra protagonizada por Leonardo Nowak, lo dej\u00f3 al \u00abMorro\u00bb con las manos vac\u00edas. El desafortunado toque lo dej\u00f3 fuera de carrera a Iglesias quien as\u00ed no pudo sumar ning\u00fan punto quedando rezagado en el campeonato y por debajo del resto que s\u00ed sum\u00f3 y les alcanz\u00f3 para asegurarse un lugar en el TC Pista para la temporada 20121.<\/p>\n\n\n\n<p>El campe\u00f3n del TC Mouras fue Christian Ramos con 139 unidades, seguido de Marcos Castro (133,25), Facundo Chapur (120,75), Otto Fritzler, Agust\u00edn Mart\u00ednez, Ian Reutemann, Juan Manuel Tomasello y Maximiliano Vivot. \u00abMorro\u00bb Iglesias culmin\u00f3 12do. en el campeonato y\u00a0volver\u00e1 a competir en el 2021 en esta misma categor\u00eda aunque de producirse alguna baja entre los pilotos ascendidos podr\u00eda beneficiarlo y ocupar un lugar en el TC Pista.\u00a0<\/p>\n\n\n\n<p>Fuente: <a href=\"https:\/\/www.sanpedroinforma.com.ar\/nota\/123853\/deportes\/a-morro-iglesias-le-arrebataron-las-ilusiones.html\">San Pedro Informa<\/a><\/p>\n","protected":false},"excerpt":{"rendered":"<p>El piloto sampedrino llegaba con muchas expectativas a la \u00faltima fecha del TC Mouras pero una pol\u00e9mica\u00a0maniobra\u00a0 lo dej\u00f3 afuera de la carrera y de todas las chances de pasar a una categor\u00eda superior. Fernando \u00abMorro\u00bb Iglesias llegaba con todas las ilusiones a la \u00faltima fecha del TC Mouras. El aut\u00f3dromo de La Plata fue [&hellip;]<\/p>\n","protected":false},"author":4,"featured_media":84322,"comment_status":"open","ping_status":"closed","sticky":false,"template":"","format":"standard","meta":{"om_disable_all_campaigns":false,"_jetpack_memberships_contains_paid_content":false,"footnotes":""},"categories":[101,2],"tags":[197,696,33],"class_list":["post-84321","post","type-post","status-publish","format-standard","has-post-thumbnail","hentry","category-interes-general-locales","category-locales","tag-buenos-aires","tag-interes-general","tag-locales"],"aioseo_notices":[],"gutentor_comment":0,"jetpack_featured_media_url":"https:\/\/eldiariodesanpedro.com.ar\/sitio\/wp-content\/uploads\/2020\/12\/000088674.jpg","jetpack_shortlink":"https:\/\/wp.me\/p6RhLt-lW1","jetpack_sharing_enabled":true,"_links":{"self":[{"href":"https:\/\/eldiariodesanpedro.com.ar\/sitio\/wp-json\/wp\/v2\/posts\/84321","targetHints":{"allow":["GET"]}}],"collection":[{"href":"https:\/\/eldiariodesanpedro.com.ar\/sitio\/wp-json\/wp\/v2\/posts"}],"about":[{"href":"https:\/\/eldiariodesanpedro.com.ar\/sitio\/wp-json\/wp\/v2\/types\/post"}],"author":[{"embeddable":true,"href":"https:\/\/eldiariodesanpedro.com.ar\/sitio\/wp-json\/wp\/v2\/users\/4"}],"replies":[{"embeddable":true,"href":"https:\/\/eldiariodesanpedro.com.ar\/sitio\/wp-json\/wp\/v2\/comments?post=84321"}],"version-history":[{"count":1,"href":"https:\/\/eldiariodesanpedro.com.ar\/sitio\/wp-json\/wp\/v2\/posts\/84321\/revisions"}],"predecessor-version":[{"id":84323,"href":"https:\/\/eldiariodesanpedro.com.ar\/sitio\/wp-json\/wp\/v2\/posts\/84321\/revisions\/84323"}],"wp:featuredmedia":[{"embeddable":true,"href":"https:\/\/eldiariodesanpedro.com.ar\/sitio\/wp-json\/wp\/v2\/media\/84322"}],"wp:attachment":[{"href":"https:\/\/eldiariodesanpedro.com.ar\/sitio\/wp-json\/wp\/v2\/media?parent=84321"}],"wp:term":[{"taxonomy":"category","embeddable":true,"href":"https:\/\/eldiariodesanpedro.com.ar\/sitio\/wp-json\/wp\/v2\/categories?post=84321"},{"taxonomy":"post_tag","embeddable":true,"href":"https:\/\/eldiariodesanpedro.com.ar\/sitio\/wp-json\/wp\/v2\/tags?post=84321"}],"curies":[{"name":"wp","href":"https:\/\/api.w.org\/{rel}","templated":true}]}}