{"id":84316,"date":"2020-12-08T10:51:23","date_gmt":"2020-12-08T13:51:23","guid":{"rendered":"https:\/\/eldiariodesanpedro.com.ar\/sitio\/?p=84316"},"modified":"2020-12-08T10:51:26","modified_gmt":"2020-12-08T13:51:26","slug":"el-pasado-sabado-un-policia-involucrado-en-un-conflicto-vecinal","status":"publish","type":"post","link":"https:\/\/eldiariodesanpedro.com.ar\/sitio\/el-pasado-sabado-un-policia-involucrado-en-un-conflicto-vecinal\/","title":{"rendered":"El pasado s\u00e1bado un polic\u00eda involucrado en un conflicto vecinal"},"content":{"rendered":"<!-- VideographyWP Plugin Message: Automatic video embedding prevented by plugin options. -->\n\n<p>El&nbsp;episodio ocurri\u00f3 el s\u00e1bado pasado por la tarde en inmediaciones de Alvear y Hermano Indio. El efectivo resulto herido y dos personas fueron aprehendidas.<\/p>\n\n\n\n<p>Un incidente de proporciones se origin\u00f3 en la tarde del s\u00e1bado en inmediaciones de las calles Alvear y Hermano Indio.<\/p>\n\n\n\n<p>Del episodio participaron varias personas, entre ellas un efectivo policial de 29 a\u00f1os que se desempe\u00f1a en la Comisar\u00eda de nuestra ciudad.<\/p>\n\n\n\n<p>Testigos del incidente aseguran que se escucharon disparos de arma de fuego, gritos y amenazas.<br>C\u00f3mo resultado del tenso momento el funcionario result\u00f3&nbsp;herido en su cabeza tras haber sido golpeado con un objeto contundente mientras que se aprehendi\u00f3 a otras dos personas quienes ten\u00edan en su poder armas de fuego de distintos calibres.<\/p>\n\n\n\n<p>Adem\u00e1s la fiscal\u00eda de turno orden\u00f3 que se le inicie un sumario al polic\u00eda a trav\u00e9s de la auditor\u00eda general de asuntos internos y se le retenga el arma reglamentaria hasta que se aclare su situaci\u00f3n judicial.<\/p>\n\n\n\n<p>Fuente: <a href=\"https:\/\/www.sanpedroinforma.com.ar\/nota\/123852\/interes-general\/un-policia-involucrado-en-un-conflicto-vecinal.html\">San Pedro Informa<\/a><\/p>\n\n\n\n<p><\/p>\n","protected":false},"excerpt":{"rendered":"<p>El&nbsp;episodio ocurri\u00f3 el s\u00e1bado pasado por la tarde en inmediaciones de Alvear y Hermano Indio. El efectivo resulto herido y dos personas fueron aprehendidas. Un incidente de proporciones se origin\u00f3 en la tarde del s\u00e1bado en inmediaciones de las calles Alvear y Hermano Indio. Del episodio participaron varias personas, entre ellas un efectivo policial de [&hellip;]<\/p>\n","protected":false},"author":4,"featured_media":84319,"comment_status":"open","ping_status":"closed","sticky":false,"template":"","format":"standard","meta":{"om_disable_all_campaigns":false,"_jetpack_memberships_contains_paid_content":false,"footnotes":""},"categories":[50,101,2],"tags":[197,33,95,1040],"class_list":["post-84316","post","type-post","status-publish","format-standard","has-post-thumbnail","hentry","category-destacadas","category-interes-general-locales","category-locales","tag-buenos-aires","tag-locales","tag-policiales","tag-san-pedro-buenos-aires"],"aioseo_notices":[],"gutentor_comment":0,"jetpack_featured_media_url":"https:\/\/eldiariodesanpedro.com.ar\/sitio\/wp-content\/uploads\/2020\/12\/000088666.jpg","jetpack_shortlink":"https:\/\/wp.me\/p6RhLt-lVW","jetpack_sharing_enabled":true,"_links":{"self":[{"href":"https:\/\/eldiariodesanpedro.com.ar\/sitio\/wp-json\/wp\/v2\/posts\/84316","targetHints":{"allow":["GET"]}}],"collection":[{"href":"https:\/\/eldiariodesanpedro.com.ar\/sitio\/wp-json\/wp\/v2\/posts"}],"about":[{"href":"https:\/\/eldiariodesanpedro.com.ar\/sitio\/wp-json\/wp\/v2\/types\/post"}],"author":[{"embeddable":true,"href":"https:\/\/eldiariodesanpedro.com.ar\/sitio\/wp-json\/wp\/v2\/users\/4"}],"replies":[{"embeddable":true,"href":"https:\/\/eldiariodesanpedro.com.ar\/sitio\/wp-json\/wp\/v2\/comments?post=84316"}],"version-history":[{"count":2,"href":"https:\/\/eldiariodesanpedro.com.ar\/sitio\/wp-json\/wp\/v2\/posts\/84316\/revisions"}],"predecessor-version":[{"id":84320,"href":"https:\/\/eldiariodesanpedro.com.ar\/sitio\/wp-json\/wp\/v2\/posts\/84316\/revisions\/84320"}],"wp:featuredmedia":[{"embeddable":true,"href":"https:\/\/eldiariodesanpedro.com.ar\/sitio\/wp-json\/wp\/v2\/media\/84319"}],"wp:attachment":[{"href":"https:\/\/eldiariodesanpedro.com.ar\/sitio\/wp-json\/wp\/v2\/media?parent=84316"}],"wp:term":[{"taxonomy":"category","embeddable":true,"href":"https:\/\/eldiariodesanpedro.com.ar\/sitio\/wp-json\/wp\/v2\/categories?post=84316"},{"taxonomy":"post_tag","embeddable":true,"href":"https:\/\/eldiariodesanpedro.com.ar\/sitio\/wp-json\/wp\/v2\/tags?post=84316"}],"curies":[{"name":"wp","href":"https:\/\/api.w.org\/{rel}","templated":true}]}}