{"id":84312,"date":"2020-12-04T19:26:23","date_gmt":"2020-12-04T22:26:23","guid":{"rendered":"https:\/\/eldiariodesanpedro.com.ar\/sitio\/?p=84312"},"modified":"2020-12-04T19:26:27","modified_gmt":"2020-12-04T22:26:27","slug":"coronavirus-se-recibieron-2-positivos-y-18-negativos-activos-hoy-55","status":"publish","type":"post","link":"https:\/\/eldiariodesanpedro.com.ar\/sitio\/coronavirus-se-recibieron-2-positivos-y-18-negativos-activos-hoy-55\/","title":{"rendered":"Coronavirus: Se recibieron 2 positivos y 18 negativos, activos hoy 55"},"content":{"rendered":"<!-- VideographyWP Plugin Message: Automatic video embedding prevented by plugin options. -->\n\n<p>La Secretar\u00eda de Salud de la Municipalidad de San Pedro informa la actualizaci\u00f3n de seguimiento a la Pandemia de Covid-19.<\/p>\n\n\n\n<ul class=\"wp-block-list\"><li><em>INFORME DIARIO<\/em><\/li><li>Con la nueva modalidad de env\u00edo y procesamiento de datos de los hisopados realizados a trav\u00e9s del sistema p\u00fablico analizados en el Laboratorio Central Lab, se enviaron a primera hora 21 muestras y se recibieron 20 resultados con <em>18 negativos y 2 positivos<\/em> que corresponden a una mujer de 35 a\u00f1os y un hombre de 20 a\u00f1os.<br>Queda pendiente 1 muestra de un hombre de 64 a\u00f1os.<\/li><\/ul>\n\n\n\n<p><em>Total de nuevos positivos: 2<\/em><br><em>Total de nuevos negativos: 18<\/em><\/p>\n\n\n\n<p><em>FALLECIMIENTO<\/em><\/p>\n\n\n\n<p>En el d\u00eda de hoy se inform\u00f3 el deceso del Sr. Roberto Ra\u00fal Trotta de 67 a\u00f1os, diagnosticado como caso positivo de Covid-19.<br>Hacemos llegar a su familia y seres queridos nuestras m\u00e1s sinceras condolencias.<\/p>\n\n\n\n<p><em>Resumen actualizado de informaci\u00f3n oficial<\/em><br>Positivos desde el inicio de la Pandemia: 1746<br>Activos: 55<br>Recuperados: 1632<br>Fallecidos: 59<br>\u00daltimo env\u00edo de muestras: 1<br>Muestras pendientes: 1<br>Negativos desde el inicio de la Pandemia: 2269<br>Los datos consignados en este informe corresponden a ex\u00e1menes realizados por PCR.<\/p>\n\n\n\n<p>&#x1f449; Usar tapabocas.<br>&#x1f449; Mantener la distancia m\u00ednima de 2 metros.<br>&#x1f449; Extremar la higiene de los espacios.<br>&#x1f449; Mantener las manos limpias.<\/p>\n\n\n\n<p><em>Se recuerda que, ante s\u00edntomas de tos seca, fiebre y dolor de garganta y la probabilidad de haber estado en contacto con enfermos o viajeros llegados desde las zonas transmisi\u00f3n local o comunitaria se puede llamar al 148 o 107.<\/em><\/p>\n","protected":false},"excerpt":{"rendered":"<p>La Secretar\u00eda de Salud de la Municipalidad de San Pedro informa la actualizaci\u00f3n de seguimiento a la Pandemia de Covid-19. INFORME DIARIO Con la nueva modalidad de env\u00edo y procesamiento de datos de los hisopados realizados a trav\u00e9s del sistema p\u00fablico analizados en el Laboratorio Central Lab, se enviaron a primera hora 21 muestras y [&hellip;]<\/p>\n","protected":false},"author":4,"featured_media":79200,"comment_status":"open","ping_status":"closed","sticky":false,"template":"","format":"standard","meta":{"om_disable_all_campaigns":false,"_jetpack_memberships_contains_paid_content":false,"footnotes":""},"categories":[50,101,2],"tags":[197,808,696,33],"class_list":["post-84312","post","type-post","status-publish","format-standard","has-post-thumbnail","hentry","category-destacadas","category-interes-general-locales","category-locales","tag-buenos-aires","tag-coronavirus","tag-interes-general","tag-locales"],"aioseo_notices":[],"gutentor_comment":0,"jetpack_featured_media_url":"https:\/\/eldiariodesanpedro.com.ar\/sitio\/wp-content\/uploads\/2020\/08\/FTRRV773PNB3RI4W5LP3O7ZVUI.jpg","jetpack_shortlink":"https:\/\/wp.me\/p6RhLt-lVS","jetpack_sharing_enabled":true,"_links":{"self":[{"href":"https:\/\/eldiariodesanpedro.com.ar\/sitio\/wp-json\/wp\/v2\/posts\/84312","targetHints":{"allow":["GET"]}}],"collection":[{"href":"https:\/\/eldiariodesanpedro.com.ar\/sitio\/wp-json\/wp\/v2\/posts"}],"about":[{"href":"https:\/\/eldiariodesanpedro.com.ar\/sitio\/wp-json\/wp\/v2\/types\/post"}],"author":[{"embeddable":true,"href":"https:\/\/eldiariodesanpedro.com.ar\/sitio\/wp-json\/wp\/v2\/users\/4"}],"replies":[{"embeddable":true,"href":"https:\/\/eldiariodesanpedro.com.ar\/sitio\/wp-json\/wp\/v2\/comments?post=84312"}],"version-history":[{"count":1,"href":"https:\/\/eldiariodesanpedro.com.ar\/sitio\/wp-json\/wp\/v2\/posts\/84312\/revisions"}],"predecessor-version":[{"id":84313,"href":"https:\/\/eldiariodesanpedro.com.ar\/sitio\/wp-json\/wp\/v2\/posts\/84312\/revisions\/84313"}],"wp:featuredmedia":[{"embeddable":true,"href":"https:\/\/eldiariodesanpedro.com.ar\/sitio\/wp-json\/wp\/v2\/media\/79200"}],"wp:attachment":[{"href":"https:\/\/eldiariodesanpedro.com.ar\/sitio\/wp-json\/wp\/v2\/media?parent=84312"}],"wp:term":[{"taxonomy":"category","embeddable":true,"href":"https:\/\/eldiariodesanpedro.com.ar\/sitio\/wp-json\/wp\/v2\/categories?post=84312"},{"taxonomy":"post_tag","embeddable":true,"href":"https:\/\/eldiariodesanpedro.com.ar\/sitio\/wp-json\/wp\/v2\/tags?post=84312"}],"curies":[{"name":"wp","href":"https:\/\/api.w.org\/{rel}","templated":true}]}}