{"id":84306,"date":"2020-12-04T17:46:24","date_gmt":"2020-12-04T20:46:24","guid":{"rendered":"https:\/\/eldiariodesanpedro.com.ar\/sitio\/?p=84306"},"modified":"2020-12-04T17:46:28","modified_gmt":"2020-12-04T20:46:28","slug":"vuelven-a-abrir-los-museos-con-funcionamiento-adaptado-a-los-protocolos-sanitarios","status":"publish","type":"post","link":"https:\/\/eldiariodesanpedro.com.ar\/sitio\/vuelven-a-abrir-los-museos-con-funcionamiento-adaptado-a-los-protocolos-sanitarios\/","title":{"rendered":"Vuelven a abrir los museos con funcionamiento adaptado a los protocolos sanitarios"},"content":{"rendered":"<!-- VideographyWP Plugin Message: Automatic video embedding prevented by plugin options. -->\n\n<p>Representantes de los museos que forman parte del circuito hist\u00f3rico y cultural de la ciudad mantuvieron esta ma\u00f1ana una reuni\u00f3n con el Intendente Cecilio Salazar, la Directora de Cultura Mar\u00eda Jos\u00e9 Mora y la Directora de Turismo Marcela Cu\u00f1er, para solicitar la autorizaci\u00f3n municipal que les permita reanudar su funcionamiento, especialmente a partir de la apertura de la temporada tur\u00edstica a principios de este mes.<\/p>\n\n\n\n<p>En la charla compartieron las dificultades que este largo per\u00edodo de inactividad han ocasionado, especialmente para afrontar el mantenimiento de los edificios y sus instalaciones, sin los ingresos que permiten el funcionamiento.<\/p>\n\n\n\n<p>Participaron representantes del Museo Paleontol\u00f3gico \u201cFray Manuel de Torres\u201d, Museo de Osvaldo Pato Morresi, Parque Art\u00edstico \u00abEl Sue\u00f1o del Tano\u00bb, \u00abUtop\u00eda\u00bb El Rinc\u00f3n del Artesano y Museo Hist\u00f3rico Regional \u00abFray Jos\u00e9 Mar\u00eda Bottaro\u00bb.<\/p>\n\n\n\n<p>Asumiendo el compromiso de aplicar los protocolos correspondientes para que se controle el ingreso de visitantes manteniendo una circulaci\u00f3n con distanciamiento y todas las medidas que comprenden los espacios de estas caracter\u00edsticas, se resolvi\u00f3 autorizar la apertura de los mismos, a partir de este fin de semana que adem\u00e1s cuenta con el atractivo de ser \u00abextendido\u00bb y genera importantes expectativas tur\u00edsticas.<\/p>\n\n\n\n<p>La responsabilidad de quienes tienen a su cargo los museos y el respeto de los concurrentes ser\u00e1 fundamental para que estas actividades tambi\u00e9n contin\u00faen durante toda la temporada.<\/p>\n\n\n\n<figure class=\"wp-block-image size-large\"><img decoding=\"async\" width=\"1024\" height=\"768\" data-attachment-id=\"84309\" data-permalink=\"https:\/\/eldiariodesanpedro.com.ar\/sitio\/vuelven-a-abrir-los-museos-con-funcionamiento-adaptado-a-los-protocolos-sanitarios\/129957668_129055018828177_6108981135388372878_n\/\" data-orig-file=\"https:\/\/eldiariodesanpedro.com.ar\/sitio\/wp-content\/uploads\/2020\/12\/129957668_129055018828177_6108981135388372878_n.jpg\" data-orig-size=\"1280,960\" data-comments-opened=\"1\" data-image-meta=\"{&quot;aperture&quot;:&quot;0&quot;,&quot;credit&quot;:&quot;&quot;,&quot;camera&quot;:&quot;&quot;,&quot;caption&quot;:&quot;&quot;,&quot;created_timestamp&quot;:&quot;0&quot;,&quot;copyright&quot;:&quot;&quot;,&quot;focal_length&quot;:&quot;0&quot;,&quot;iso&quot;:&quot;0&quot;,&quot;shutter_speed&quot;:&quot;0&quot;,&quot;title&quot;:&quot;&quot;,&quot;orientation&quot;:&quot;0&quot;}\" data-image-title=\"129957668_129055018828177_6108981135388372878_n\" data-image-description=\"\" data-image-caption=\"\" data-large-file=\"https:\/\/eldiariodesanpedro.com.ar\/sitio\/wp-content\/uploads\/2020\/12\/129957668_129055018828177_6108981135388372878_n-1024x768.jpg\" data-src=\"https:\/\/eldiariodesanpedro.com.ar\/sitio\/wp-content\/uploads\/2020\/12\/129957668_129055018828177_6108981135388372878_n-1024x768.jpg\" alt=\"\" class=\"wp-image-84309 lazyload\" data-srcset=\"https:\/\/eldiariodesanpedro.com.ar\/sitio\/wp-content\/uploads\/2020\/12\/129957668_129055018828177_6108981135388372878_n-1024x768.jpg 1024w, https:\/\/eldiariodesanpedro.com.ar\/sitio\/wp-content\/uploads\/2020\/12\/129957668_129055018828177_6108981135388372878_n-300x225.jpg 300w, https:\/\/eldiariodesanpedro.com.ar\/sitio\/wp-content\/uploads\/2020\/12\/129957668_129055018828177_6108981135388372878_n-768x576.jpg 768w, https:\/\/eldiariodesanpedro.com.ar\/sitio\/wp-content\/uploads\/2020\/12\/129957668_129055018828177_6108981135388372878_n-500x375.jpg 500w, https:\/\/eldiariodesanpedro.com.ar\/sitio\/wp-content\/uploads\/2020\/12\/129957668_129055018828177_6108981135388372878_n.jpg 1280w\" data-sizes=\"(max-width: 1024px) 100vw, 1024px\" src=\"data:image\/svg+xml;base64,PHN2ZyB3aWR0aD0iMSIgaGVpZ2h0PSIxIiB4bWxucz0iaHR0cDovL3d3dy53My5vcmcvMjAwMC9zdmciPjwvc3ZnPg==\" style=\"--smush-placeholder-width: 1024px; --smush-placeholder-aspect-ratio: 1024\/768;\" \/><\/figure>\n\n\n\n<figure class=\"wp-block-image size-large\"><img decoding=\"async\" width=\"1024\" height=\"768\" data-attachment-id=\"84310\" data-permalink=\"https:\/\/eldiariodesanpedro.com.ar\/sitio\/vuelven-a-abrir-los-museos-con-funcionamiento-adaptado-a-los-protocolos-sanitarios\/129957043_420540562662353_2655423969916560349_n\/\" data-orig-file=\"https:\/\/eldiariodesanpedro.com.ar\/sitio\/wp-content\/uploads\/2020\/12\/129957043_420540562662353_2655423969916560349_n.jpg\" data-orig-size=\"1280,960\" data-comments-opened=\"1\" data-image-meta=\"{&quot;aperture&quot;:&quot;0&quot;,&quot;credit&quot;:&quot;&quot;,&quot;camera&quot;:&quot;&quot;,&quot;caption&quot;:&quot;&quot;,&quot;created_timestamp&quot;:&quot;0&quot;,&quot;copyright&quot;:&quot;&quot;,&quot;focal_length&quot;:&quot;0&quot;,&quot;iso&quot;:&quot;0&quot;,&quot;shutter_speed&quot;:&quot;0&quot;,&quot;title&quot;:&quot;&quot;,&quot;orientation&quot;:&quot;0&quot;}\" data-image-title=\"129957043_420540562662353_2655423969916560349_n\" data-image-description=\"\" data-image-caption=\"\" data-large-file=\"https:\/\/eldiariodesanpedro.com.ar\/sitio\/wp-content\/uploads\/2020\/12\/129957043_420540562662353_2655423969916560349_n-1024x768.jpg\" data-src=\"https:\/\/eldiariodesanpedro.com.ar\/sitio\/wp-content\/uploads\/2020\/12\/129957043_420540562662353_2655423969916560349_n-1024x768.jpg\" alt=\"\" class=\"wp-image-84310 lazyload\" data-srcset=\"https:\/\/eldiariodesanpedro.com.ar\/sitio\/wp-content\/uploads\/2020\/12\/129957043_420540562662353_2655423969916560349_n-1024x768.jpg 1024w, https:\/\/eldiariodesanpedro.com.ar\/sitio\/wp-content\/uploads\/2020\/12\/129957043_420540562662353_2655423969916560349_n-300x225.jpg 300w, https:\/\/eldiariodesanpedro.com.ar\/sitio\/wp-content\/uploads\/2020\/12\/129957043_420540562662353_2655423969916560349_n-768x576.jpg 768w, https:\/\/eldiariodesanpedro.com.ar\/sitio\/wp-content\/uploads\/2020\/12\/129957043_420540562662353_2655423969916560349_n-500x375.jpg 500w, https:\/\/eldiariodesanpedro.com.ar\/sitio\/wp-content\/uploads\/2020\/12\/129957043_420540562662353_2655423969916560349_n.jpg 1280w\" data-sizes=\"(max-width: 1024px) 100vw, 1024px\" src=\"data:image\/svg+xml;base64,PHN2ZyB3aWR0aD0iMSIgaGVpZ2h0PSIxIiB4bWxucz0iaHR0cDovL3d3dy53My5vcmcvMjAwMC9zdmciPjwvc3ZnPg==\" style=\"--smush-placeholder-width: 1024px; --smush-placeholder-aspect-ratio: 1024\/768;\" \/><\/figure>\n","protected":false},"excerpt":{"rendered":"<p>Representantes de los museos que forman parte del circuito hist\u00f3rico y cultural de la ciudad mantuvieron esta ma\u00f1ana una reuni\u00f3n con el Intendente Cecilio Salazar, la Directora de Cultura Mar\u00eda Jos\u00e9 Mora y la Directora de Turismo Marcela Cu\u00f1er, para solicitar la autorizaci\u00f3n municipal que les permita reanudar su funcionamiento, especialmente a partir de la [&hellip;]<\/p>\n","protected":false},"author":4,"featured_media":84307,"comment_status":"open","ping_status":"closed","sticky":false,"template":"","format":"standard","meta":{"om_disable_all_campaigns":false,"_jetpack_memberships_contains_paid_content":false,"footnotes":""},"categories":[101,2],"tags":[1040,1957],"class_list":["post-84306","post","type-post","status-publish","format-standard","has-post-thumbnail","hentry","category-interes-general-locales","category-locales","tag-san-pedro-buenos-aires","tag-vuelven-a-abrir-los-museos-con-funcionamiento-adaptado-a-los-protocolos-sanitarios"],"aioseo_notices":[],"gutentor_comment":0,"jetpack_featured_media_url":"https:\/\/eldiariodesanpedro.com.ar\/sitio\/wp-content\/uploads\/2020\/12\/129690463_749180035805849_3452583179476245781_n.jpg","jetpack_shortlink":"https:\/\/wp.me\/p6RhLt-lVM","jetpack_sharing_enabled":true,"_links":{"self":[{"href":"https:\/\/eldiariodesanpedro.com.ar\/sitio\/wp-json\/wp\/v2\/posts\/84306","targetHints":{"allow":["GET"]}}],"collection":[{"href":"https:\/\/eldiariodesanpedro.com.ar\/sitio\/wp-json\/wp\/v2\/posts"}],"about":[{"href":"https:\/\/eldiariodesanpedro.com.ar\/sitio\/wp-json\/wp\/v2\/types\/post"}],"author":[{"embeddable":true,"href":"https:\/\/eldiariodesanpedro.com.ar\/sitio\/wp-json\/wp\/v2\/users\/4"}],"replies":[{"embeddable":true,"href":"https:\/\/eldiariodesanpedro.com.ar\/sitio\/wp-json\/wp\/v2\/comments?post=84306"}],"version-history":[{"count":1,"href":"https:\/\/eldiariodesanpedro.com.ar\/sitio\/wp-json\/wp\/v2\/posts\/84306\/revisions"}],"predecessor-version":[{"id":84311,"href":"https:\/\/eldiariodesanpedro.com.ar\/sitio\/wp-json\/wp\/v2\/posts\/84306\/revisions\/84311"}],"wp:featuredmedia":[{"embeddable":true,"href":"https:\/\/eldiariodesanpedro.com.ar\/sitio\/wp-json\/wp\/v2\/media\/84307"}],"wp:attachment":[{"href":"https:\/\/eldiariodesanpedro.com.ar\/sitio\/wp-json\/wp\/v2\/media?parent=84306"}],"wp:term":[{"taxonomy":"category","embeddable":true,"href":"https:\/\/eldiariodesanpedro.com.ar\/sitio\/wp-json\/wp\/v2\/categories?post=84306"},{"taxonomy":"post_tag","embeddable":true,"href":"https:\/\/eldiariodesanpedro.com.ar\/sitio\/wp-json\/wp\/v2\/tags?post=84306"}],"curies":[{"name":"wp","href":"https:\/\/api.w.org\/{rel}","templated":true}]}}