{"id":84303,"date":"2020-12-04T17:44:15","date_gmt":"2020-12-04T20:44:15","guid":{"rendered":"https:\/\/eldiariodesanpedro.com.ar\/sitio\/?p=84303"},"modified":"2020-12-04T17:44:19","modified_gmt":"2020-12-04T20:44:19","slug":"visita-del-intendente-cecilio-salazar-a-la-nueva-sede-de-la-jefatura-distrital","status":"publish","type":"post","link":"https:\/\/eldiariodesanpedro.com.ar\/sitio\/visita-del-intendente-cecilio-salazar-a-la-nueva-sede-de-la-jefatura-distrital\/","title":{"rendered":"Visita del Intendente Cecilio Salazar a la nueva sede de la Jefatura Distrital"},"content":{"rendered":"<!-- VideographyWP Plugin Message: Automatic video embedding prevented by plugin options. -->\n\n<p>El Intendente Cecilio Salazar, el Secretario de Seguridad Eduardo Roleri y Director de Coordinaci\u00f3n Policial Juan Carlos Ag\u00fcero, visitaron esta ma\u00f1ana el nuevo espacio en el que funciona la Jefatura de la Polic\u00eda Distrital, en el predio cedido en comodato por la empresa TAP, sobre Camino Crucero General Belgrano, frente a la Escuela 27.<\/p>\n\n\n\n<p>En esta visita informal el Intendente y los funcionarios del \u00e1rea de seguridad del municipio mantuvieron una reuni\u00f3n con el Comisario Juan Ram\u00f3n Catalano quien est\u00e1 a cargo de la dependencia en la que trabajan desde fines de abril, con mayor comodidad y espacios para oficinas \u00e1reas de estacionamiento para los m\u00f3viles.<\/p>\n\n\n\n<p>La ubicaci\u00f3n estrat\u00e9gica, con una r\u00e1pida salida hacia cualquier punto de la ciudad o la zona rural y la posibilidad de disponer de mayores comodidades ha resultado sumamente beneficioso para la tarea que la fuerza realiza en San Pedro.<\/p>\n","protected":false},"excerpt":{"rendered":"<p>El Intendente Cecilio Salazar, el Secretario de Seguridad Eduardo Roleri y Director de Coordinaci\u00f3n Policial Juan Carlos Ag\u00fcero, visitaron esta ma\u00f1ana el nuevo espacio en el que funciona la Jefatura de la Polic\u00eda Distrital, en el predio cedido en comodato por la empresa TAP, sobre Camino Crucero General Belgrano, frente a la Escuela 27. En [&hellip;]<\/p>\n","protected":false},"author":4,"featured_media":84304,"comment_status":"open","ping_status":"closed","sticky":false,"template":"","format":"standard","meta":{"om_disable_all_campaigns":false,"_jetpack_memberships_contains_paid_content":false,"footnotes":""},"categories":[50,101,2],"tags":[],"class_list":["post-84303","post","type-post","status-publish","format-standard","has-post-thumbnail","hentry","category-destacadas","category-interes-general-locales","category-locales"],"aioseo_notices":[],"gutentor_comment":0,"jetpack_featured_media_url":"https:\/\/eldiariodesanpedro.com.ar\/sitio\/wp-content\/uploads\/2020\/12\/129843755_134428601565344_706899359595227415_n.jpg","jetpack_shortlink":"https:\/\/wp.me\/p6RhLt-lVJ","jetpack_sharing_enabled":true,"_links":{"self":[{"href":"https:\/\/eldiariodesanpedro.com.ar\/sitio\/wp-json\/wp\/v2\/posts\/84303","targetHints":{"allow":["GET"]}}],"collection":[{"href":"https:\/\/eldiariodesanpedro.com.ar\/sitio\/wp-json\/wp\/v2\/posts"}],"about":[{"href":"https:\/\/eldiariodesanpedro.com.ar\/sitio\/wp-json\/wp\/v2\/types\/post"}],"author":[{"embeddable":true,"href":"https:\/\/eldiariodesanpedro.com.ar\/sitio\/wp-json\/wp\/v2\/users\/4"}],"replies":[{"embeddable":true,"href":"https:\/\/eldiariodesanpedro.com.ar\/sitio\/wp-json\/wp\/v2\/comments?post=84303"}],"version-history":[{"count":1,"href":"https:\/\/eldiariodesanpedro.com.ar\/sitio\/wp-json\/wp\/v2\/posts\/84303\/revisions"}],"predecessor-version":[{"id":84305,"href":"https:\/\/eldiariodesanpedro.com.ar\/sitio\/wp-json\/wp\/v2\/posts\/84303\/revisions\/84305"}],"wp:featuredmedia":[{"embeddable":true,"href":"https:\/\/eldiariodesanpedro.com.ar\/sitio\/wp-json\/wp\/v2\/media\/84304"}],"wp:attachment":[{"href":"https:\/\/eldiariodesanpedro.com.ar\/sitio\/wp-json\/wp\/v2\/media?parent=84303"}],"wp:term":[{"taxonomy":"category","embeddable":true,"href":"https:\/\/eldiariodesanpedro.com.ar\/sitio\/wp-json\/wp\/v2\/categories?post=84303"},{"taxonomy":"post_tag","embeddable":true,"href":"https:\/\/eldiariodesanpedro.com.ar\/sitio\/wp-json\/wp\/v2\/tags?post=84303"}],"curies":[{"name":"wp","href":"https:\/\/api.w.org\/{rel}","templated":true}]}}