{"id":84297,"date":"2020-12-04T17:17:56","date_gmt":"2020-12-04T20:17:56","guid":{"rendered":"https:\/\/eldiariodesanpedro.com.ar\/sitio\/?p=84297"},"modified":"2020-12-04T17:18:00","modified_gmt":"2020-12-04T20:18:00","slug":"entrega-de-bolsones-de-alimentos-en-las-escuelas-n27-y-n47","status":"publish","type":"post","link":"https:\/\/eldiariodesanpedro.com.ar\/sitio\/entrega-de-bolsones-de-alimentos-en-las-escuelas-n27-y-n47\/","title":{"rendered":"Entrega de bolsones de alimentos en las escuelas N\u00b027 y N\u00b047"},"content":{"rendered":"<!-- VideographyWP Plugin Message: Automatic video embedding prevented by plugin options. -->\n\n<p>El Intendente Municipal Cecilio Salazar acompa\u00f1ado de funcionarios del equipo de gobierno y miembros del<br>Consejo Escolar, participaron esta ma\u00f1ana el operativo de distribuci\u00f3n de las provistas de alimentos que se entregan en las escuelas p\u00fablicas del Partido de San Pedro, en el marco del programa creado para tal fin por el gobierno de la Provincia, reemplazando el Servicio Alimentario Escolar que no puede brindarse en los establecimientos, por prevenci\u00f3n ante la Pandemia de Covid-19.<\/p>\n\n\n\n<p>El jefe comunal y los consejeros escolares decidieron estar presentes para acompa\u00f1ar y agradecer personalmente el trabajo que los representantes del sector educativo han venido realizando todo el a\u00f1o para el armado de los bolsones de mercader\u00eda que llegan a los hogares de los ni\u00f1os y sus familias. El esfuerzo y la articulaci\u00f3n de las \u00e1reas municipales, el Concejo Escolar y todos los involucrados en estos operativos han permitido cumplir con un verdadero desaf\u00edo dentro de los tantos actos dignos de ser destacados en el marco de la emergencia sanitaria.<\/p>\n\n\n\n<p>Se entregaron 534 bolsones de alimentos en la EP N\u00b047, y 560 en la EP N\u00b027. En total se van a entregar en el distrito 22.500 m\u00f3dulos, la mitad correspondiente al mes de diciembre y la otra mitad es un adelanto del mes de enero.<\/p>\n\n\n\n<p>A trav\u00e9s de este plan que continuar\u00e1 hasta que se reanude el SAE con sus caracter\u00edsticas habituales, es seguir asegurando este aporte para las familias que est\u00e1n atravesando una situaci\u00f3n muy complicada en el contexto general que vive toda nuestra poblaci\u00f3n y de este modo transitar los d\u00edas que vienen de la mejor manera.<\/p>\n\n\n\n<figure class=\"wp-block-image size-large\"><img decoding=\"async\" width=\"1024\" height=\"768\" data-attachment-id=\"84298\" data-permalink=\"https:\/\/eldiariodesanpedro.com.ar\/sitio\/entrega-de-bolsones-de-alimentos-en-las-escuelas-n27-y-n47\/130072546_3536758356411514_4530879079309406174_n\/\" data-orig-file=\"https:\/\/eldiariodesanpedro.com.ar\/sitio\/wp-content\/uploads\/2020\/12\/130072546_3536758356411514_4530879079309406174_n.jpg\" data-orig-size=\"1280,960\" data-comments-opened=\"1\" data-image-meta=\"{&quot;aperture&quot;:&quot;0&quot;,&quot;credit&quot;:&quot;&quot;,&quot;camera&quot;:&quot;&quot;,&quot;caption&quot;:&quot;&quot;,&quot;created_timestamp&quot;:&quot;0&quot;,&quot;copyright&quot;:&quot;&quot;,&quot;focal_length&quot;:&quot;0&quot;,&quot;iso&quot;:&quot;0&quot;,&quot;shutter_speed&quot;:&quot;0&quot;,&quot;title&quot;:&quot;&quot;,&quot;orientation&quot;:&quot;0&quot;}\" data-image-title=\"130072546_3536758356411514_4530879079309406174_n\" data-image-description=\"\" data-image-caption=\"\" data-large-file=\"https:\/\/eldiariodesanpedro.com.ar\/sitio\/wp-content\/uploads\/2020\/12\/130072546_3536758356411514_4530879079309406174_n-1024x768.jpg\" data-src=\"https:\/\/eldiariodesanpedro.com.ar\/sitio\/wp-content\/uploads\/2020\/12\/130072546_3536758356411514_4530879079309406174_n-1024x768.jpg\" alt=\"\" class=\"wp-image-84298 lazyload\" data-srcset=\"https:\/\/eldiariodesanpedro.com.ar\/sitio\/wp-content\/uploads\/2020\/12\/130072546_3536758356411514_4530879079309406174_n-1024x768.jpg 1024w, https:\/\/eldiariodesanpedro.com.ar\/sitio\/wp-content\/uploads\/2020\/12\/130072546_3536758356411514_4530879079309406174_n-300x225.jpg 300w, https:\/\/eldiariodesanpedro.com.ar\/sitio\/wp-content\/uploads\/2020\/12\/130072546_3536758356411514_4530879079309406174_n-768x576.jpg 768w, https:\/\/eldiariodesanpedro.com.ar\/sitio\/wp-content\/uploads\/2020\/12\/130072546_3536758356411514_4530879079309406174_n-500x375.jpg 500w, https:\/\/eldiariodesanpedro.com.ar\/sitio\/wp-content\/uploads\/2020\/12\/130072546_3536758356411514_4530879079309406174_n.jpg 1280w\" data-sizes=\"(max-width: 1024px) 100vw, 1024px\" src=\"data:image\/svg+xml;base64,PHN2ZyB3aWR0aD0iMSIgaGVpZ2h0PSIxIiB4bWxucz0iaHR0cDovL3d3dy53My5vcmcvMjAwMC9zdmciPjwvc3ZnPg==\" style=\"--smush-placeholder-width: 1024px; --smush-placeholder-aspect-ratio: 1024\/768;\" \/><\/figure>\n\n\n\n<figure class=\"wp-block-image size-large\"><img decoding=\"async\" width=\"1024\" height=\"768\" data-attachment-id=\"84300\" data-permalink=\"https:\/\/eldiariodesanpedro.com.ar\/sitio\/entrega-de-bolsones-de-alimentos-en-las-escuelas-n27-y-n47\/129934512_147244206736655_4068251743207500117_n\/\" data-orig-file=\"https:\/\/eldiariodesanpedro.com.ar\/sitio\/wp-content\/uploads\/2020\/12\/129934512_147244206736655_4068251743207500117_n.jpg\" data-orig-size=\"1280,960\" data-comments-opened=\"1\" data-image-meta=\"{&quot;aperture&quot;:&quot;0&quot;,&quot;credit&quot;:&quot;&quot;,&quot;camera&quot;:&quot;&quot;,&quot;caption&quot;:&quot;&quot;,&quot;created_timestamp&quot;:&quot;0&quot;,&quot;copyright&quot;:&quot;&quot;,&quot;focal_length&quot;:&quot;0&quot;,&quot;iso&quot;:&quot;0&quot;,&quot;shutter_speed&quot;:&quot;0&quot;,&quot;title&quot;:&quot;&quot;,&quot;orientation&quot;:&quot;0&quot;}\" data-image-title=\"129934512_147244206736655_4068251743207500117_n\" data-image-description=\"\" data-image-caption=\"\" data-large-file=\"https:\/\/eldiariodesanpedro.com.ar\/sitio\/wp-content\/uploads\/2020\/12\/129934512_147244206736655_4068251743207500117_n-1024x768.jpg\" data-src=\"https:\/\/eldiariodesanpedro.com.ar\/sitio\/wp-content\/uploads\/2020\/12\/129934512_147244206736655_4068251743207500117_n-1024x768.jpg\" alt=\"\" class=\"wp-image-84300 lazyload\" data-srcset=\"https:\/\/eldiariodesanpedro.com.ar\/sitio\/wp-content\/uploads\/2020\/12\/129934512_147244206736655_4068251743207500117_n-1024x768.jpg 1024w, https:\/\/eldiariodesanpedro.com.ar\/sitio\/wp-content\/uploads\/2020\/12\/129934512_147244206736655_4068251743207500117_n-300x225.jpg 300w, https:\/\/eldiariodesanpedro.com.ar\/sitio\/wp-content\/uploads\/2020\/12\/129934512_147244206736655_4068251743207500117_n-768x576.jpg 768w, https:\/\/eldiariodesanpedro.com.ar\/sitio\/wp-content\/uploads\/2020\/12\/129934512_147244206736655_4068251743207500117_n-500x375.jpg 500w, https:\/\/eldiariodesanpedro.com.ar\/sitio\/wp-content\/uploads\/2020\/12\/129934512_147244206736655_4068251743207500117_n.jpg 1280w\" data-sizes=\"(max-width: 1024px) 100vw, 1024px\" src=\"data:image\/svg+xml;base64,PHN2ZyB3aWR0aD0iMSIgaGVpZ2h0PSIxIiB4bWxucz0iaHR0cDovL3d3dy53My5vcmcvMjAwMC9zdmciPjwvc3ZnPg==\" style=\"--smush-placeholder-width: 1024px; --smush-placeholder-aspect-ratio: 1024\/768;\" \/><\/figure>\n\n\n\n<figure class=\"wp-block-image size-large\"><img decoding=\"async\" width=\"1024\" height=\"768\" data-attachment-id=\"84301\" data-permalink=\"https:\/\/eldiariodesanpedro.com.ar\/sitio\/entrega-de-bolsones-de-alimentos-en-las-escuelas-n27-y-n47\/129961139_208244294079148_6303204227729296398_n\/\" data-orig-file=\"https:\/\/eldiariodesanpedro.com.ar\/sitio\/wp-content\/uploads\/2020\/12\/129961139_208244294079148_6303204227729296398_n.jpg\" data-orig-size=\"1280,960\" data-comments-opened=\"1\" data-image-meta=\"{&quot;aperture&quot;:&quot;0&quot;,&quot;credit&quot;:&quot;&quot;,&quot;camera&quot;:&quot;&quot;,&quot;caption&quot;:&quot;&quot;,&quot;created_timestamp&quot;:&quot;0&quot;,&quot;copyright&quot;:&quot;&quot;,&quot;focal_length&quot;:&quot;0&quot;,&quot;iso&quot;:&quot;0&quot;,&quot;shutter_speed&quot;:&quot;0&quot;,&quot;title&quot;:&quot;&quot;,&quot;orientation&quot;:&quot;0&quot;}\" data-image-title=\"129961139_208244294079148_6303204227729296398_n\" data-image-description=\"\" data-image-caption=\"\" data-large-file=\"https:\/\/eldiariodesanpedro.com.ar\/sitio\/wp-content\/uploads\/2020\/12\/129961139_208244294079148_6303204227729296398_n-1024x768.jpg\" data-src=\"https:\/\/eldiariodesanpedro.com.ar\/sitio\/wp-content\/uploads\/2020\/12\/129961139_208244294079148_6303204227729296398_n-1024x768.jpg\" alt=\"\" class=\"wp-image-84301 lazyload\" data-srcset=\"https:\/\/eldiariodesanpedro.com.ar\/sitio\/wp-content\/uploads\/2020\/12\/129961139_208244294079148_6303204227729296398_n-1024x768.jpg 1024w, https:\/\/eldiariodesanpedro.com.ar\/sitio\/wp-content\/uploads\/2020\/12\/129961139_208244294079148_6303204227729296398_n-300x225.jpg 300w, https:\/\/eldiariodesanpedro.com.ar\/sitio\/wp-content\/uploads\/2020\/12\/129961139_208244294079148_6303204227729296398_n-768x576.jpg 768w, https:\/\/eldiariodesanpedro.com.ar\/sitio\/wp-content\/uploads\/2020\/12\/129961139_208244294079148_6303204227729296398_n-500x375.jpg 500w, https:\/\/eldiariodesanpedro.com.ar\/sitio\/wp-content\/uploads\/2020\/12\/129961139_208244294079148_6303204227729296398_n.jpg 1280w\" data-sizes=\"(max-width: 1024px) 100vw, 1024px\" src=\"data:image\/svg+xml;base64,PHN2ZyB3aWR0aD0iMSIgaGVpZ2h0PSIxIiB4bWxucz0iaHR0cDovL3d3dy53My5vcmcvMjAwMC9zdmciPjwvc3ZnPg==\" style=\"--smush-placeholder-width: 1024px; --smush-placeholder-aspect-ratio: 1024\/768;\" \/><\/figure>\n","protected":false},"excerpt":{"rendered":"<p>El Intendente Municipal Cecilio Salazar acompa\u00f1ado de funcionarios del equipo de gobierno y miembros delConsejo Escolar, participaron esta ma\u00f1ana el operativo de distribuci\u00f3n de las provistas de alimentos que se entregan en las escuelas p\u00fablicas del Partido de San Pedro, en el marco del programa creado para tal fin por el gobierno de la Provincia, [&hellip;]<\/p>\n","protected":false},"author":4,"featured_media":84299,"comment_status":"open","ping_status":"closed","sticky":false,"template":"","format":"standard","meta":{"om_disable_all_campaigns":false,"_jetpack_memberships_contains_paid_content":false,"footnotes":""},"categories":[101,2],"tags":[1956,33,1040],"class_list":["post-84297","post","type-post","status-publish","format-standard","has-post-thumbnail","hentry","category-interes-general-locales","category-locales","tag-entrega-de-bolsones-de-alimentos-en-las-escuelas-n27-y-n47","tag-locales","tag-san-pedro-buenos-aires"],"aioseo_notices":[],"gutentor_comment":0,"jetpack_featured_media_url":"https:\/\/eldiariodesanpedro.com.ar\/sitio\/wp-content\/uploads\/2020\/12\/130039989_691136155099551_7384581493947926632_n.jpg","jetpack_shortlink":"https:\/\/wp.me\/p6RhLt-lVD","jetpack_sharing_enabled":true,"_links":{"self":[{"href":"https:\/\/eldiariodesanpedro.com.ar\/sitio\/wp-json\/wp\/v2\/posts\/84297","targetHints":{"allow":["GET"]}}],"collection":[{"href":"https:\/\/eldiariodesanpedro.com.ar\/sitio\/wp-json\/wp\/v2\/posts"}],"about":[{"href":"https:\/\/eldiariodesanpedro.com.ar\/sitio\/wp-json\/wp\/v2\/types\/post"}],"author":[{"embeddable":true,"href":"https:\/\/eldiariodesanpedro.com.ar\/sitio\/wp-json\/wp\/v2\/users\/4"}],"replies":[{"embeddable":true,"href":"https:\/\/eldiariodesanpedro.com.ar\/sitio\/wp-json\/wp\/v2\/comments?post=84297"}],"version-history":[{"count":1,"href":"https:\/\/eldiariodesanpedro.com.ar\/sitio\/wp-json\/wp\/v2\/posts\/84297\/revisions"}],"predecessor-version":[{"id":84302,"href":"https:\/\/eldiariodesanpedro.com.ar\/sitio\/wp-json\/wp\/v2\/posts\/84297\/revisions\/84302"}],"wp:featuredmedia":[{"embeddable":true,"href":"https:\/\/eldiariodesanpedro.com.ar\/sitio\/wp-json\/wp\/v2\/media\/84299"}],"wp:attachment":[{"href":"https:\/\/eldiariodesanpedro.com.ar\/sitio\/wp-json\/wp\/v2\/media?parent=84297"}],"wp:term":[{"taxonomy":"category","embeddable":true,"href":"https:\/\/eldiariodesanpedro.com.ar\/sitio\/wp-json\/wp\/v2\/categories?post=84297"},{"taxonomy":"post_tag","embeddable":true,"href":"https:\/\/eldiariodesanpedro.com.ar\/sitio\/wp-json\/wp\/v2\/tags?post=84297"}],"curies":[{"name":"wp","href":"https:\/\/api.w.org\/{rel}","templated":true}]}}