{"id":84292,"date":"2020-12-04T12:50:31","date_gmt":"2020-12-04T15:50:31","guid":{"rendered":"https:\/\/eldiariodesanpedro.com.ar\/sitio\/?p=84292"},"modified":"2020-12-04T12:50:34","modified_gmt":"2020-12-04T15:50:34","slug":"covid-roberto-raul-trotta-de-67-anos-la-victima-numero-59","status":"publish","type":"post","link":"https:\/\/eldiariodesanpedro.com.ar\/sitio\/covid-roberto-raul-trotta-de-67-anos-la-victima-numero-59\/","title":{"rendered":"Covid: Roberto Ra\u00fal Trotta de 67 a\u00f1os, la victima numero 59"},"content":{"rendered":"<!-- VideographyWP Plugin Message: Automatic video embedding prevented by plugin options. -->\n\n<p>La Secretar\u00eda de Salud de la Municipalidad de San Pedro comunica el fallecimiento del Sr. Roberto Ra\u00fal Trotta de 67 a\u00f1os, diagnosticado como caso positivo de Covid-19.<\/p>\n\n\n\n<p>El paciente se encontraba internado en el Hospital Emilio Ruffa y su deceso se convierte en el N\u00b0 59 desde el inicio de la Pandemia de Covid-19 en el Partido de San Pedro.<\/p>\n\n\n\n<p>Como en cada una de estas comunicaciones que no por reiteradas dejan de ser sumamente dolorosas, hacemos llegar nuestro acompa\u00f1amiento y condolencias a sus familiares y seres queridos.<\/p>\n","protected":false},"excerpt":{"rendered":"<p>La Secretar\u00eda de Salud de la Municipalidad de San Pedro comunica el fallecimiento del Sr. Roberto Ra\u00fal Trotta de 67 a\u00f1os, diagnosticado como caso positivo de Covid-19. El paciente se encontraba internado en el Hospital Emilio Ruffa y su deceso se convierte en el N\u00b0 59 desde el inicio de la Pandemia de Covid-19 en [&hellip;]<\/p>\n","protected":false},"author":4,"featured_media":77464,"comment_status":"open","ping_status":"closed","sticky":false,"template":"","format":"standard","meta":{"om_disable_all_campaigns":false,"_jetpack_memberships_contains_paid_content":false,"footnotes":""},"categories":[50,101,2],"tags":[808,19],"class_list":["post-84292","post","type-post","status-publish","format-standard","has-post-thumbnail","hentry","category-destacadas","category-interes-general-locales","category-locales","tag-coronavirus","tag-san-pedro"],"aioseo_notices":[],"gutentor_comment":0,"jetpack_featured_media_url":"https:\/\/eldiariodesanpedro.com.ar\/sitio\/wp-content\/uploads\/2020\/07\/5e87e1dede692.jpeg","jetpack_shortlink":"https:\/\/wp.me\/p6RhLt-lVy","jetpack_sharing_enabled":true,"_links":{"self":[{"href":"https:\/\/eldiariodesanpedro.com.ar\/sitio\/wp-json\/wp\/v2\/posts\/84292","targetHints":{"allow":["GET"]}}],"collection":[{"href":"https:\/\/eldiariodesanpedro.com.ar\/sitio\/wp-json\/wp\/v2\/posts"}],"about":[{"href":"https:\/\/eldiariodesanpedro.com.ar\/sitio\/wp-json\/wp\/v2\/types\/post"}],"author":[{"embeddable":true,"href":"https:\/\/eldiariodesanpedro.com.ar\/sitio\/wp-json\/wp\/v2\/users\/4"}],"replies":[{"embeddable":true,"href":"https:\/\/eldiariodesanpedro.com.ar\/sitio\/wp-json\/wp\/v2\/comments?post=84292"}],"version-history":[{"count":1,"href":"https:\/\/eldiariodesanpedro.com.ar\/sitio\/wp-json\/wp\/v2\/posts\/84292\/revisions"}],"predecessor-version":[{"id":84293,"href":"https:\/\/eldiariodesanpedro.com.ar\/sitio\/wp-json\/wp\/v2\/posts\/84292\/revisions\/84293"}],"wp:featuredmedia":[{"embeddable":true,"href":"https:\/\/eldiariodesanpedro.com.ar\/sitio\/wp-json\/wp\/v2\/media\/77464"}],"wp:attachment":[{"href":"https:\/\/eldiariodesanpedro.com.ar\/sitio\/wp-json\/wp\/v2\/media?parent=84292"}],"wp:term":[{"taxonomy":"category","embeddable":true,"href":"https:\/\/eldiariodesanpedro.com.ar\/sitio\/wp-json\/wp\/v2\/categories?post=84292"},{"taxonomy":"post_tag","embeddable":true,"href":"https:\/\/eldiariodesanpedro.com.ar\/sitio\/wp-json\/wp\/v2\/tags?post=84292"}],"curies":[{"name":"wp","href":"https:\/\/api.w.org\/{rel}","templated":true}]}}