{"id":84286,"date":"2020-12-04T11:23:53","date_gmt":"2020-12-04T14:23:53","guid":{"rendered":"https:\/\/eldiariodesanpedro.com.ar\/sitio\/?p=84286"},"modified":"2020-12-04T11:23:59","modified_gmt":"2020-12-04T14:23:59","slug":"aprehension-de-ciudadanos-por-tenencia-de-estupefacientes","status":"publish","type":"post","link":"https:\/\/eldiariodesanpedro.com.ar\/sitio\/aprehension-de-ciudadanos-por-tenencia-de-estupefacientes\/","title":{"rendered":"Aprehensi\u00f3n de ciudadanos por tenencia de estupefacientes"},"content":{"rendered":"<!-- VideographyWP Plugin Message: Automatic video embedding prevented by plugin options. -->\n\n<p>Efectivos policiales de nuestra ciudad se hicieron presentes en calle Javier Rivero y Casella donde se procede al traslado de masculino 17 a\u00f1os, secuestr\u00e1ndosele en su poder un envoltorio de nylon negro conteniendo sustancia marihuana infimo pesaje. Interviene UFI del Joven.&nbsp;&nbsp;<\/p>\n\n\n\n<p>El mismo d\u00eda en horas de la tarde, la polic\u00eda en calle Manuel Iglesias al 1000, procede al traslado de masculino 18 a\u00f1os, secuestrando en su poder cigarrillo armado conteniendo sustancia marihuana \u00ednfimo pesaje.&nbsp;<\/p>\n\n\n\n<p>En ambos casos fueron trasladados a la comisar\u00eda local donde tras ser imputados por la causa fueron puestos en libertad.<\/p>\n\n\n\n<figure class=\"wp-block-image size-large\"><img decoding=\"async\" width=\"896\" height=\"672\" data-attachment-id=\"84276\" data-permalink=\"https:\/\/eldiariodesanpedro.com.ar\/sitio\/un-aprehendido-con-un-revolver-calibre-22-y-ocho-municiones\/129761599_2852080685048928_9105840242705175757_n\/\" data-orig-file=\"https:\/\/eldiariodesanpedro.com.ar\/sitio\/wp-content\/uploads\/2020\/12\/129761599_2852080685048928_9105840242705175757_n.jpg\" data-orig-size=\"896,672\" data-comments-opened=\"1\" data-image-meta=\"{&quot;aperture&quot;:&quot;0&quot;,&quot;credit&quot;:&quot;&quot;,&quot;camera&quot;:&quot;&quot;,&quot;caption&quot;:&quot;&quot;,&quot;created_timestamp&quot;:&quot;0&quot;,&quot;copyright&quot;:&quot;&quot;,&quot;focal_length&quot;:&quot;0&quot;,&quot;iso&quot;:&quot;0&quot;,&quot;shutter_speed&quot;:&quot;0&quot;,&quot;title&quot;:&quot;&quot;,&quot;orientation&quot;:&quot;0&quot;}\" data-image-title=\"129761599_2852080685048928_9105840242705175757_n\" data-image-description=\"\" data-image-caption=\"\" data-large-file=\"https:\/\/eldiariodesanpedro.com.ar\/sitio\/wp-content\/uploads\/2020\/12\/129761599_2852080685048928_9105840242705175757_n.jpg\" data-src=\"https:\/\/eldiariodesanpedro.com.ar\/sitio\/wp-content\/uploads\/2020\/12\/129761599_2852080685048928_9105840242705175757_n.jpg\" alt=\"\" class=\"wp-image-84276 lazyload\" data-srcset=\"https:\/\/eldiariodesanpedro.com.ar\/sitio\/wp-content\/uploads\/2020\/12\/129761599_2852080685048928_9105840242705175757_n.jpg 896w, https:\/\/eldiariodesanpedro.com.ar\/sitio\/wp-content\/uploads\/2020\/12\/129761599_2852080685048928_9105840242705175757_n-300x225.jpg 300w, https:\/\/eldiariodesanpedro.com.ar\/sitio\/wp-content\/uploads\/2020\/12\/129761599_2852080685048928_9105840242705175757_n-768x576.jpg 768w, https:\/\/eldiariodesanpedro.com.ar\/sitio\/wp-content\/uploads\/2020\/12\/129761599_2852080685048928_9105840242705175757_n-500x375.jpg 500w\" data-sizes=\"(max-width: 896px) 100vw, 896px\" src=\"data:image\/svg+xml;base64,PHN2ZyB3aWR0aD0iMSIgaGVpZ2h0PSIxIiB4bWxucz0iaHR0cDovL3d3dy53My5vcmcvMjAwMC9zdmciPjwvc3ZnPg==\" style=\"--smush-placeholder-width: 896px; --smush-placeholder-aspect-ratio: 896\/672;\" \/><\/figure>\n","protected":false},"excerpt":{"rendered":"<p>Efectivos policiales de nuestra ciudad se hicieron presentes en calle Javier Rivero y Casella donde se procede al traslado de masculino 17 a\u00f1os, secuestr\u00e1ndosele en su poder un envoltorio de nylon negro conteniendo sustancia marihuana infimo pesaje. Interviene UFI del Joven.&nbsp;&nbsp; El mismo d\u00eda en horas de la tarde, la polic\u00eda en calle Manuel Iglesias [&hellip;]<\/p>\n","protected":false},"author":4,"featured_media":84277,"comment_status":"open","ping_status":"closed","sticky":false,"template":"","format":"standard","meta":{"om_disable_all_campaigns":false,"_jetpack_memberships_contains_paid_content":false,"footnotes":""},"categories":[2,103],"tags":[],"class_list":["post-84286","post","type-post","status-publish","format-standard","has-post-thumbnail","hentry","category-locales","category-policiales-locales"],"aioseo_notices":[],"gutentor_comment":0,"jetpack_featured_media_url":"https:\/\/eldiariodesanpedro.com.ar\/sitio\/wp-content\/uploads\/2020\/12\/129758360_234735291333833_6352976826698406528_n.jpg","jetpack_shortlink":"https:\/\/wp.me\/p6RhLt-lVs","jetpack_sharing_enabled":true,"_links":{"self":[{"href":"https:\/\/eldiariodesanpedro.com.ar\/sitio\/wp-json\/wp\/v2\/posts\/84286","targetHints":{"allow":["GET"]}}],"collection":[{"href":"https:\/\/eldiariodesanpedro.com.ar\/sitio\/wp-json\/wp\/v2\/posts"}],"about":[{"href":"https:\/\/eldiariodesanpedro.com.ar\/sitio\/wp-json\/wp\/v2\/types\/post"}],"author":[{"embeddable":true,"href":"https:\/\/eldiariodesanpedro.com.ar\/sitio\/wp-json\/wp\/v2\/users\/4"}],"replies":[{"embeddable":true,"href":"https:\/\/eldiariodesanpedro.com.ar\/sitio\/wp-json\/wp\/v2\/comments?post=84286"}],"version-history":[{"count":1,"href":"https:\/\/eldiariodesanpedro.com.ar\/sitio\/wp-json\/wp\/v2\/posts\/84286\/revisions"}],"predecessor-version":[{"id":84287,"href":"https:\/\/eldiariodesanpedro.com.ar\/sitio\/wp-json\/wp\/v2\/posts\/84286\/revisions\/84287"}],"wp:featuredmedia":[{"embeddable":true,"href":"https:\/\/eldiariodesanpedro.com.ar\/sitio\/wp-json\/wp\/v2\/media\/84277"}],"wp:attachment":[{"href":"https:\/\/eldiariodesanpedro.com.ar\/sitio\/wp-json\/wp\/v2\/media?parent=84286"}],"wp:term":[{"taxonomy":"category","embeddable":true,"href":"https:\/\/eldiariodesanpedro.com.ar\/sitio\/wp-json\/wp\/v2\/categories?post=84286"},{"taxonomy":"post_tag","embeddable":true,"href":"https:\/\/eldiariodesanpedro.com.ar\/sitio\/wp-json\/wp\/v2\/tags?post=84286"}],"curies":[{"name":"wp","href":"https:\/\/api.w.org\/{rel}","templated":true}]}}