{"id":84284,"date":"2020-12-04T11:20:05","date_gmt":"2020-12-04T14:20:05","guid":{"rendered":"https:\/\/eldiariodesanpedro.com.ar\/sitio\/?p=84284"},"modified":"2020-12-04T11:20:08","modified_gmt":"2020-12-04T14:20:08","slug":"tres-accidentes-de-transitos-con-varias-personas-heridas","status":"publish","type":"post","link":"https:\/\/eldiariodesanpedro.com.ar\/sitio\/tres-accidentes-de-transitos-con-varias-personas-heridas\/","title":{"rendered":"Tres accidentes de tr\u00e1nsitos con varias personas heridas"},"content":{"rendered":"<!-- VideographyWP Plugin Message: Automatic video embedding prevented by plugin options. -->\n\n<p>Durante la jornada de este jueves ocurrieron tres accidentes de tr\u00e1nsitos donde afortunadamente no hubo heridos de gravedad.<\/p>\n\n\n\n<p>Este jueves en horas cercanas al mediod\u00eda alrededor de las 11:30 hs motivos que se tratan de establecer en calle Avenida Sarmiento y Col\u00f3n, se produce colisi\u00f3n entre motocicleta 110 cc conducida por femenina 28 a\u00f1os contra&nbsp; un autom\u00f3vil conducido por una mujer de 43 a\u00f1os. La conductora del rodado menor fue trasladada por el SAME al nosocomio con lesi\u00f3n miembro inferior por trauma consider\u00e1ndola como lesiones leves.<\/p>\n\n\n\n<p>En horas de la tarde por motivos se tratan de establecer en calle Avenida Sarmiento e Independencia, se produce colisi\u00f3n entre motocicleta 110 cc conducida por un hombre de 39 a\u00f1os contra una camioneta conducida por una joven de 24 a\u00f1os y acompa\u00f1ada por masculino 21 a\u00f1os. El conductor del rodado menor fue trasladado al nosocomio con lesiones leves.<\/p>\n\n\n\n<p>En horas de la noche motivos se trata de establecer en Bvard Moreno y 25 de mayo este medio, se produce colisi\u00f3n entre motocicleta conducida por femenina 19 a\u00f1os quien al momento trasladaba a dos menores uno de ellos su hijo, no se poseen datos, y joven de 10 a\u00f1os sobrino de conductora colisionan contra un autom\u00f3vil conducido por ciudadano de 51 a\u00f1os. Como consecuencia la conductora y acompa\u00f1antes de rodado menor fueron trasladados al nosocomio con lesiones leves y masculino conductor del autom\u00f3vil ileso.<\/p>\n","protected":false},"excerpt":{"rendered":"<p>Durante la jornada de este jueves ocurrieron tres accidentes de tr\u00e1nsitos donde afortunadamente no hubo heridos de gravedad. Este jueves en horas cercanas al mediod\u00eda alrededor de las 11:30 hs motivos que se tratan de establecer en calle Avenida Sarmiento y Col\u00f3n, se produce colisi\u00f3n entre motocicleta 110 cc conducida por femenina 28 a\u00f1os contra&nbsp; [&hellip;]<\/p>\n","protected":false},"author":4,"featured_media":79647,"comment_status":"open","ping_status":"closed","sticky":false,"template":"","format":"standard","meta":{"om_disable_all_campaigns":false,"_jetpack_memberships_contains_paid_content":false,"footnotes":""},"categories":[2,103],"tags":[354,197,19,1955],"class_list":["post-84284","post","type-post","status-publish","format-standard","has-post-thumbnail","hentry","category-locales","category-policiales-locales","tag-accidentes","tag-buenos-aires","tag-san-pedro","tag-tres-accidentes-de-transitos-con-varias-personas-heridas"],"aioseo_notices":[],"gutentor_comment":0,"jetpack_featured_media_url":"https:\/\/eldiariodesanpedro.com.ar\/sitio\/wp-content\/uploads\/2020\/08\/same.jpg","jetpack_shortlink":"https:\/\/wp.me\/p6RhLt-lVq","jetpack_sharing_enabled":true,"_links":{"self":[{"href":"https:\/\/eldiariodesanpedro.com.ar\/sitio\/wp-json\/wp\/v2\/posts\/84284","targetHints":{"allow":["GET"]}}],"collection":[{"href":"https:\/\/eldiariodesanpedro.com.ar\/sitio\/wp-json\/wp\/v2\/posts"}],"about":[{"href":"https:\/\/eldiariodesanpedro.com.ar\/sitio\/wp-json\/wp\/v2\/types\/post"}],"author":[{"embeddable":true,"href":"https:\/\/eldiariodesanpedro.com.ar\/sitio\/wp-json\/wp\/v2\/users\/4"}],"replies":[{"embeddable":true,"href":"https:\/\/eldiariodesanpedro.com.ar\/sitio\/wp-json\/wp\/v2\/comments?post=84284"}],"version-history":[{"count":1,"href":"https:\/\/eldiariodesanpedro.com.ar\/sitio\/wp-json\/wp\/v2\/posts\/84284\/revisions"}],"predecessor-version":[{"id":84285,"href":"https:\/\/eldiariodesanpedro.com.ar\/sitio\/wp-json\/wp\/v2\/posts\/84284\/revisions\/84285"}],"wp:featuredmedia":[{"embeddable":true,"href":"https:\/\/eldiariodesanpedro.com.ar\/sitio\/wp-json\/wp\/v2\/media\/79647"}],"wp:attachment":[{"href":"https:\/\/eldiariodesanpedro.com.ar\/sitio\/wp-json\/wp\/v2\/media?parent=84284"}],"wp:term":[{"taxonomy":"category","embeddable":true,"href":"https:\/\/eldiariodesanpedro.com.ar\/sitio\/wp-json\/wp\/v2\/categories?post=84284"},{"taxonomy":"post_tag","embeddable":true,"href":"https:\/\/eldiariodesanpedro.com.ar\/sitio\/wp-json\/wp\/v2\/tags?post=84284"}],"curies":[{"name":"wp","href":"https:\/\/api.w.org\/{rel}","templated":true}]}}