{"id":84274,"date":"2020-12-04T11:06:10","date_gmt":"2020-12-04T14:06:10","guid":{"rendered":"https:\/\/eldiariodesanpedro.com.ar\/sitio\/?p=84274"},"modified":"2020-12-04T11:06:15","modified_gmt":"2020-12-04T14:06:15","slug":"un-aprehendido-con-un-revolver-calibre-22-y-ocho-municiones","status":"publish","type":"post","link":"https:\/\/eldiariodesanpedro.com.ar\/sitio\/un-aprehendido-con-un-revolver-calibre-22-y-ocho-municiones\/","title":{"rendered":"Un aprehendido con un revolver calibre 22 y ocho municiones"},"content":{"rendered":"<!-- VideographyWP Plugin Message: Automatic video embedding prevented by plugin options. -->\n\n<p>Este jueves alrededor de las 12:30 hs, el personal policial de la comisar\u00eda en calle Pedro Cabrera al 900, aprehende a masculino de 22 a\u00f1os a quien se le secuestr\u00f3 en su poder un arma de fuego tipo revolver calibre 22 y ocho cartuchos intactos mismo calibre 22 en almac\u00e9n cargador.<\/p>\n\n\n\n<p>Permanece alojado en sede policial imputado del delito de tenencia y portaci\u00f3n ilegal de arma de fuego, con intervenci\u00f3n de la fiscal\u00eda local en turno.<\/p>\n","protected":false},"excerpt":{"rendered":"<p>Este jueves alrededor de las 12:30 hs, el personal policial de la comisar\u00eda en calle Pedro Cabrera al 900, aprehende a masculino de 22 a\u00f1os a quien se le secuestr\u00f3 en su poder un arma de fuego tipo revolver calibre 22 y ocho cartuchos intactos mismo calibre 22 en almac\u00e9n cargador. Permanece alojado en sede [&hellip;]<\/p>\n","protected":false},"author":4,"featured_media":84279,"comment_status":"open","ping_status":"closed","sticky":false,"template":"","format":"standard","meta":{"om_disable_all_campaigns":false,"_jetpack_memberships_contains_paid_content":false,"footnotes":""},"categories":[50,2,103],"tags":[33,95,1954],"class_list":["post-84274","post","type-post","status-publish","format-standard","has-post-thumbnail","hentry","category-destacadas","category-locales","category-policiales-locales","tag-locales","tag-policiales","tag-un-aprehendido-con-un-revolver-calibre-22-y-ocho-municiones"],"aioseo_notices":[],"gutentor_comment":0,"jetpack_featured_media_url":"https:\/\/eldiariodesanpedro.com.ar\/sitio\/wp-content\/uploads\/2020\/12\/129736805_212217003677877_9167797566107890381_n.jpg","jetpack_shortlink":"https:\/\/wp.me\/p6RhLt-lVg","jetpack_sharing_enabled":true,"_links":{"self":[{"href":"https:\/\/eldiariodesanpedro.com.ar\/sitio\/wp-json\/wp\/v2\/posts\/84274","targetHints":{"allow":["GET"]}}],"collection":[{"href":"https:\/\/eldiariodesanpedro.com.ar\/sitio\/wp-json\/wp\/v2\/posts"}],"about":[{"href":"https:\/\/eldiariodesanpedro.com.ar\/sitio\/wp-json\/wp\/v2\/types\/post"}],"author":[{"embeddable":true,"href":"https:\/\/eldiariodesanpedro.com.ar\/sitio\/wp-json\/wp\/v2\/users\/4"}],"replies":[{"embeddable":true,"href":"https:\/\/eldiariodesanpedro.com.ar\/sitio\/wp-json\/wp\/v2\/comments?post=84274"}],"version-history":[{"count":1,"href":"https:\/\/eldiariodesanpedro.com.ar\/sitio\/wp-json\/wp\/v2\/posts\/84274\/revisions"}],"predecessor-version":[{"id":84281,"href":"https:\/\/eldiariodesanpedro.com.ar\/sitio\/wp-json\/wp\/v2\/posts\/84274\/revisions\/84281"}],"wp:featuredmedia":[{"embeddable":true,"href":"https:\/\/eldiariodesanpedro.com.ar\/sitio\/wp-json\/wp\/v2\/media\/84279"}],"wp:attachment":[{"href":"https:\/\/eldiariodesanpedro.com.ar\/sitio\/wp-json\/wp\/v2\/media?parent=84274"}],"wp:term":[{"taxonomy":"category","embeddable":true,"href":"https:\/\/eldiariodesanpedro.com.ar\/sitio\/wp-json\/wp\/v2\/categories?post=84274"},{"taxonomy":"post_tag","embeddable":true,"href":"https:\/\/eldiariodesanpedro.com.ar\/sitio\/wp-json\/wp\/v2\/tags?post=84274"}],"curies":[{"name":"wp","href":"https:\/\/api.w.org\/{rel}","templated":true}]}}