{"id":84242,"date":"2020-12-03T19:33:11","date_gmt":"2020-12-03T22:33:11","guid":{"rendered":"https:\/\/eldiariodesanpedro.com.ar\/sitio\/?p=84242"},"modified":"2020-12-03T19:33:15","modified_gmt":"2020-12-03T22:33:15","slug":"campana-armados-y-encapuchados-robaron-una-casa-en-alto-los-cardales","status":"publish","type":"post","link":"https:\/\/eldiariodesanpedro.com.ar\/sitio\/campana-armados-y-encapuchados-robaron-una-casa-en-alto-los-cardales\/","title":{"rendered":"CAMPANA | Armados y encapuchados, robaron una casa en Alto Los Cardales"},"content":{"rendered":"<!-- VideographyWP Plugin Message: Automatic video embedding prevented by plugin options. -->\n\n<p>Ocurri\u00f3 el martes a la medianoche. Ataron a sus v\u00edctimas y se apoderaron no solo de objetos de valor sino tambi\u00e9n de las memorias y el monitor de las c\u00e1maras de seguridad y la perra de la familia.<\/p>\n\n\n\n<p>Dos ladrones armados y encapuchados asaltaron una casa de Altos Los Cardales, donde despu\u00e9s de maniatar a sus v\u00edctimas se apoderaron de objetos de valor. Tambi\u00e9n se llevaron las memorias y el monitor de las c\u00e1maras de seguridad y la perra de la familia.<\/p>\n\n\n\n<p>El hecho ocurri\u00f3 el martes a la medianoche en una vivienda situada a unos 200 metros de la ruta 4 en momentos en que se encontraban en su interior una mujer de 40 a\u00f1os junto a sus dos hijos menores de 12 a\u00f1os y un amigo de que estaba de visita.<\/p>\n\n\n\n<p>Seg\u00fan trascendi\u00f3, los malvivientes sab\u00edan el nombre de la due\u00f1a de casa e ingresaron a la vivienda preguntando por una caja fuerte inexistente. Luego, maniataron a sus v\u00edctimas de pies y manos y las encerraron en una de las habitaciones situadas en la plata alta.<\/p>\n\n\n\n<p>El robo dur\u00f3 alrededor de media hora y, antes de irse, los delincuentes amenazaron de muerte a la mujer para que no realice la denuncia y hasta le dijeron que ten\u00eda que estar agradecida porque eran profesionales y no hicieron \u201cotras cosas\u201d.<\/p>\n\n\n\n<p>Fuente: Campana noticias<\/p>\n","protected":false},"excerpt":{"rendered":"<p>Ocurri\u00f3 el martes a la medianoche. Ataron a sus v\u00edctimas y se apoderaron no solo de objetos de valor sino tambi\u00e9n de las memorias y el monitor de las c\u00e1maras de seguridad y la perra de la familia. Dos ladrones armados y encapuchados asaltaron una casa de Altos Los Cardales, donde despu\u00e9s de maniatar a [&hellip;]<\/p>\n","protected":false},"author":4,"featured_media":84243,"comment_status":"open","ping_status":"closed","sticky":false,"template":"","format":"standard","meta":{"om_disable_all_campaigns":false,"_jetpack_memberships_contains_paid_content":false,"footnotes":""},"categories":[621],"tags":[197,686,681],"class_list":["post-84242","post","type-post","status-publish","format-standard","has-post-thumbnail","hentry","category-regionales","tag-buenos-aires","tag-campana-2","tag-regionales"],"aioseo_notices":[],"gutentor_comment":0,"jetpack_featured_media_url":"https:\/\/eldiariodesanpedro.com.ar\/sitio\/wp-content\/uploads\/2020\/12\/20201203111716.jpg","jetpack_shortlink":"https:\/\/wp.me\/p6RhLt-lUK","jetpack_sharing_enabled":true,"_links":{"self":[{"href":"https:\/\/eldiariodesanpedro.com.ar\/sitio\/wp-json\/wp\/v2\/posts\/84242","targetHints":{"allow":["GET"]}}],"collection":[{"href":"https:\/\/eldiariodesanpedro.com.ar\/sitio\/wp-json\/wp\/v2\/posts"}],"about":[{"href":"https:\/\/eldiariodesanpedro.com.ar\/sitio\/wp-json\/wp\/v2\/types\/post"}],"author":[{"embeddable":true,"href":"https:\/\/eldiariodesanpedro.com.ar\/sitio\/wp-json\/wp\/v2\/users\/4"}],"replies":[{"embeddable":true,"href":"https:\/\/eldiariodesanpedro.com.ar\/sitio\/wp-json\/wp\/v2\/comments?post=84242"}],"version-history":[{"count":1,"href":"https:\/\/eldiariodesanpedro.com.ar\/sitio\/wp-json\/wp\/v2\/posts\/84242\/revisions"}],"predecessor-version":[{"id":84244,"href":"https:\/\/eldiariodesanpedro.com.ar\/sitio\/wp-json\/wp\/v2\/posts\/84242\/revisions\/84244"}],"wp:featuredmedia":[{"embeddable":true,"href":"https:\/\/eldiariodesanpedro.com.ar\/sitio\/wp-json\/wp\/v2\/media\/84243"}],"wp:attachment":[{"href":"https:\/\/eldiariodesanpedro.com.ar\/sitio\/wp-json\/wp\/v2\/media?parent=84242"}],"wp:term":[{"taxonomy":"category","embeddable":true,"href":"https:\/\/eldiariodesanpedro.com.ar\/sitio\/wp-json\/wp\/v2\/categories?post=84242"},{"taxonomy":"post_tag","embeddable":true,"href":"https:\/\/eldiariodesanpedro.com.ar\/sitio\/wp-json\/wp\/v2\/tags?post=84242"}],"curies":[{"name":"wp","href":"https:\/\/api.w.org\/{rel}","templated":true}]}}