{"id":84228,"date":"2020-12-03T18:37:17","date_gmt":"2020-12-03T21:37:17","guid":{"rendered":"https:\/\/eldiariodesanpedro.com.ar\/sitio\/?p=84228"},"modified":"2020-12-03T18:37:21","modified_gmt":"2020-12-03T21:37:21","slug":"presentacion-de-la-temporada-teatral-en-el-via-crucis","status":"publish","type":"post","link":"https:\/\/eldiariodesanpedro.com.ar\/sitio\/presentacion-de-la-temporada-teatral-en-el-via-crucis\/","title":{"rendered":"Presentaci\u00f3n de la Temporada Teatral en el V\u00eda Crucis"},"content":{"rendered":"<!-- VideographyWP Plugin Message: Automatic video embedding prevented by plugin options. -->\n\n<p>Se realiz\u00f3 esta ma\u00f1ana, en el Centro Cultural Abelardo Castillo, la presentaci\u00f3n de la temporada teatral que tendr\u00e1 lugar durante todo el verano en el Via Crucis de nuestra ciudad. Participaron de la presentaci\u00f3n la Directora de Cultura Majo Mora, y en representaci\u00f3n de Sala Cuarta Pared, Santiago Gonz\u00e1lez P\u00e9rez, quienes compartieron toda la informaci\u00f3n relacionada con estos espect\u00e1culos gratuitos.<\/p>\n\n\n\n<p>Desde el pr\u00f3ximo martes 8 a las 21 hs, respetando todos los protocolos, las medidas de distanciamiento e higiene y con reservas previas al 3329 54-0510, sampedrinos y turistas podr\u00e1n disfrutar de las diferentes actividades culturales y una variada grilla art\u00edstica al aire libre, en las barrancas de nuestra ciudad.<\/p>\n\n\n\n<figure class=\"wp-block-image size-large\"><img decoding=\"async\" width=\"970\" height=\"1024\" data-attachment-id=\"84230\" data-permalink=\"https:\/\/eldiariodesanpedro.com.ar\/sitio\/presentacion-de-la-temporada-teatral-en-el-via-crucis\/129474059_381677722901755_4590524228187553150_n\/\" data-orig-file=\"https:\/\/eldiariodesanpedro.com.ar\/sitio\/wp-content\/uploads\/2020\/12\/129474059_381677722901755_4590524228187553150_n.jpg\" data-orig-size=\"1080,1140\" data-comments-opened=\"1\" data-image-meta=\"{&quot;aperture&quot;:&quot;0&quot;,&quot;credit&quot;:&quot;&quot;,&quot;camera&quot;:&quot;&quot;,&quot;caption&quot;:&quot;&quot;,&quot;created_timestamp&quot;:&quot;0&quot;,&quot;copyright&quot;:&quot;&quot;,&quot;focal_length&quot;:&quot;0&quot;,&quot;iso&quot;:&quot;0&quot;,&quot;shutter_speed&quot;:&quot;0&quot;,&quot;title&quot;:&quot;&quot;,&quot;orientation&quot;:&quot;0&quot;}\" data-image-title=\"129474059_381677722901755_4590524228187553150_n\" data-image-description=\"\" data-image-caption=\"\" data-large-file=\"https:\/\/eldiariodesanpedro.com.ar\/sitio\/wp-content\/uploads\/2020\/12\/129474059_381677722901755_4590524228187553150_n-970x1024.jpg\" data-src=\"https:\/\/eldiariodesanpedro.com.ar\/sitio\/wp-content\/uploads\/2020\/12\/129474059_381677722901755_4590524228187553150_n-970x1024.jpg\" alt=\"\" class=\"wp-image-84230 lazyload\" data-srcset=\"https:\/\/eldiariodesanpedro.com.ar\/sitio\/wp-content\/uploads\/2020\/12\/129474059_381677722901755_4590524228187553150_n-970x1024.jpg 970w, https:\/\/eldiariodesanpedro.com.ar\/sitio\/wp-content\/uploads\/2020\/12\/129474059_381677722901755_4590524228187553150_n-284x300.jpg 284w, https:\/\/eldiariodesanpedro.com.ar\/sitio\/wp-content\/uploads\/2020\/12\/129474059_381677722901755_4590524228187553150_n-768x811.jpg 768w, https:\/\/eldiariodesanpedro.com.ar\/sitio\/wp-content\/uploads\/2020\/12\/129474059_381677722901755_4590524228187553150_n.jpg 1080w\" data-sizes=\"(max-width: 970px) 100vw, 970px\" src=\"data:image\/svg+xml;base64,PHN2ZyB3aWR0aD0iMSIgaGVpZ2h0PSIxIiB4bWxucz0iaHR0cDovL3d3dy53My5vcmcvMjAwMC9zdmciPjwvc3ZnPg==\" style=\"--smush-placeholder-width: 970px; --smush-placeholder-aspect-ratio: 970\/1024;\" \/><\/figure>\n","protected":false},"excerpt":{"rendered":"<p>Se realiz\u00f3 esta ma\u00f1ana, en el Centro Cultural Abelardo Castillo, la presentaci\u00f3n de la temporada teatral que tendr\u00e1 lugar durante todo el verano en el Via Crucis de nuestra ciudad. Participaron de la presentaci\u00f3n la Directora de Cultura Majo Mora, y en representaci\u00f3n de Sala Cuarta Pared, Santiago Gonz\u00e1lez P\u00e9rez, quienes compartieron toda la informaci\u00f3n [&hellip;]<\/p>\n","protected":false},"author":4,"featured_media":84231,"comment_status":"open","ping_status":"closed","sticky":false,"template":"","format":"standard","meta":{"om_disable_all_campaigns":false,"_jetpack_memberships_contains_paid_content":false,"footnotes":""},"categories":[50,101,2],"tags":[],"class_list":["post-84228","post","type-post","status-publish","format-standard","has-post-thumbnail","hentry","category-destacadas","category-interes-general-locales","category-locales"],"aioseo_notices":[],"gutentor_comment":0,"jetpack_featured_media_url":"https:\/\/eldiariodesanpedro.com.ar\/sitio\/wp-content\/uploads\/2020\/12\/129843816_407847110406902_3322682580673187470_n.jpg","jetpack_shortlink":"https:\/\/wp.me\/p6RhLt-lUw","jetpack_sharing_enabled":true,"_links":{"self":[{"href":"https:\/\/eldiariodesanpedro.com.ar\/sitio\/wp-json\/wp\/v2\/posts\/84228","targetHints":{"allow":["GET"]}}],"collection":[{"href":"https:\/\/eldiariodesanpedro.com.ar\/sitio\/wp-json\/wp\/v2\/posts"}],"about":[{"href":"https:\/\/eldiariodesanpedro.com.ar\/sitio\/wp-json\/wp\/v2\/types\/post"}],"author":[{"embeddable":true,"href":"https:\/\/eldiariodesanpedro.com.ar\/sitio\/wp-json\/wp\/v2\/users\/4"}],"replies":[{"embeddable":true,"href":"https:\/\/eldiariodesanpedro.com.ar\/sitio\/wp-json\/wp\/v2\/comments?post=84228"}],"version-history":[{"count":1,"href":"https:\/\/eldiariodesanpedro.com.ar\/sitio\/wp-json\/wp\/v2\/posts\/84228\/revisions"}],"predecessor-version":[{"id":84232,"href":"https:\/\/eldiariodesanpedro.com.ar\/sitio\/wp-json\/wp\/v2\/posts\/84228\/revisions\/84232"}],"wp:featuredmedia":[{"embeddable":true,"href":"https:\/\/eldiariodesanpedro.com.ar\/sitio\/wp-json\/wp\/v2\/media\/84231"}],"wp:attachment":[{"href":"https:\/\/eldiariodesanpedro.com.ar\/sitio\/wp-json\/wp\/v2\/media?parent=84228"}],"wp:term":[{"taxonomy":"category","embeddable":true,"href":"https:\/\/eldiariodesanpedro.com.ar\/sitio\/wp-json\/wp\/v2\/categories?post=84228"},{"taxonomy":"post_tag","embeddable":true,"href":"https:\/\/eldiariodesanpedro.com.ar\/sitio\/wp-json\/wp\/v2\/tags?post=84228"}],"curies":[{"name":"wp","href":"https:\/\/api.w.org\/{rel}","templated":true}]}}