{"id":84225,"date":"2020-12-03T18:28:06","date_gmt":"2020-12-03T21:28:06","guid":{"rendered":"https:\/\/eldiariodesanpedro.com.ar\/sitio\/?p=84225"},"modified":"2020-12-03T18:28:10","modified_gmt":"2020-12-03T21:28:10","slug":"reconocimiento-a-todos-los-medicos-y-medicas-en-su-dia","status":"publish","type":"post","link":"https:\/\/eldiariodesanpedro.com.ar\/sitio\/reconocimiento-a-todos-los-medicos-y-medicas-en-su-dia\/","title":{"rendered":"Reconocimiento a todos los m\u00e9dicos y m\u00e9dicas en su d\u00eda"},"content":{"rendered":"<!-- VideographyWP Plugin Message: Automatic video embedding prevented by plugin options. -->\n\n<p>Este a\u00f1o y en esta fecha, compartimos un especial agradecimiento a los m\u00e9dicos y m\u00e9dicas de San Pedro que han estado desde el primer minuto acompa\u00f1ando a la comunidad en una emergencia que a\u00fan contin\u00faa y nos obliga a reconocer semejante esfuerzo.<\/p>\n\n\n\n<p>A los que son parte del plantel municipal y a quienes han colaborado desde el sector privado poni\u00e9ndose a disposici\u00f3n, arriesg\u00e1ndose y dedic\u00e1ndole mucho tiempo al servicio de todos, FELIZ DIA y GRACIAS.<\/p>\n\n\n\n<p>Nuestra mayor demostraci\u00f3n de gratitud es continuar cuid\u00e1ndonos para protegernos y proteger a nuestras familias.<\/p>\n\n\n\n<p><em>Municipalidad de San Pedro<\/em><\/p>\n","protected":false},"excerpt":{"rendered":"<p>Este a\u00f1o y en esta fecha, compartimos un especial agradecimiento a los m\u00e9dicos y m\u00e9dicas de San Pedro que han estado desde el primer minuto acompa\u00f1ando a la comunidad en una emergencia que a\u00fan contin\u00faa y nos obliga a reconocer semejante esfuerzo. A los que son parte del plantel municipal y a quienes han colaborado [&hellip;]<\/p>\n","protected":false},"author":4,"featured_media":84226,"comment_status":"open","ping_status":"closed","sticky":false,"template":"","format":"standard","meta":{"om_disable_all_campaigns":false,"_jetpack_memberships_contains_paid_content":false,"footnotes":""},"categories":[101,2],"tags":[],"class_list":["post-84225","post","type-post","status-publish","format-standard","has-post-thumbnail","hentry","category-interes-general-locales","category-locales"],"aioseo_notices":[],"gutentor_comment":0,"jetpack_featured_media_url":"https:\/\/eldiariodesanpedro.com.ar\/sitio\/wp-content\/uploads\/2020\/12\/f608x342-272870_302593_3.jpg","jetpack_shortlink":"https:\/\/wp.me\/p6RhLt-lUt","jetpack_sharing_enabled":true,"_links":{"self":[{"href":"https:\/\/eldiariodesanpedro.com.ar\/sitio\/wp-json\/wp\/v2\/posts\/84225","targetHints":{"allow":["GET"]}}],"collection":[{"href":"https:\/\/eldiariodesanpedro.com.ar\/sitio\/wp-json\/wp\/v2\/posts"}],"about":[{"href":"https:\/\/eldiariodesanpedro.com.ar\/sitio\/wp-json\/wp\/v2\/types\/post"}],"author":[{"embeddable":true,"href":"https:\/\/eldiariodesanpedro.com.ar\/sitio\/wp-json\/wp\/v2\/users\/4"}],"replies":[{"embeddable":true,"href":"https:\/\/eldiariodesanpedro.com.ar\/sitio\/wp-json\/wp\/v2\/comments?post=84225"}],"version-history":[{"count":1,"href":"https:\/\/eldiariodesanpedro.com.ar\/sitio\/wp-json\/wp\/v2\/posts\/84225\/revisions"}],"predecessor-version":[{"id":84227,"href":"https:\/\/eldiariodesanpedro.com.ar\/sitio\/wp-json\/wp\/v2\/posts\/84225\/revisions\/84227"}],"wp:featuredmedia":[{"embeddable":true,"href":"https:\/\/eldiariodesanpedro.com.ar\/sitio\/wp-json\/wp\/v2\/media\/84226"}],"wp:attachment":[{"href":"https:\/\/eldiariodesanpedro.com.ar\/sitio\/wp-json\/wp\/v2\/media?parent=84225"}],"wp:term":[{"taxonomy":"category","embeddable":true,"href":"https:\/\/eldiariodesanpedro.com.ar\/sitio\/wp-json\/wp\/v2\/categories?post=84225"},{"taxonomy":"post_tag","embeddable":true,"href":"https:\/\/eldiariodesanpedro.com.ar\/sitio\/wp-json\/wp\/v2\/tags?post=84225"}],"curies":[{"name":"wp","href":"https:\/\/api.w.org\/{rel}","templated":true}]}}