{"id":84216,"date":"2020-12-03T18:12:33","date_gmt":"2020-12-03T21:12:33","guid":{"rendered":"https:\/\/eldiariodesanpedro.com.ar\/sitio\/?p=84216"},"modified":"2020-12-03T18:17:17","modified_gmt":"2020-12-03T21:17:17","slug":"presentaron-un-colibri-de-mosaicos-como-homenaje-al-personal-de-salud-y-a-todos-los-pacientes-de-covid-19","status":"publish","type":"post","link":"https:\/\/eldiariodesanpedro.com.ar\/sitio\/presentaron-un-colibri-de-mosaicos-como-homenaje-al-personal-de-salud-y-a-todos-los-pacientes-de-covid-19\/","title":{"rendered":"Presentaron un colibr\u00ed de mosaicos como homenaje al personal de salud y a todos los pacientes de Covid-19"},"content":{"rendered":"<!-- VideographyWP Plugin Message: Automatic video embedding prevented by plugin options. -->\n\n<p>Esta ma\u00f1ana en la Casona la Direcci\u00f3n de Turismo, el Secretario de Salud Dr. Guillermo Sancho y la Presidenta del C\u00edrculo M\u00e9dico Dra. Liliana Dold\u00e1n recibieron de manos de un grupo de artistas mosaiquistas sampedrinos el mural de Homenaje y Gratitud a todo el personal de salud.<\/p>\n\n\n\n<p>En coincidencia con el D\u00eda del M\u00e9dico que se celebra este 3 de Diciembre, ambos profesionales en representaci\u00f3n de todos los que trabajan y trabajaron durante la Pandemia de Covid-19, agradecieron esta emocionante demostraci\u00f3n de afecto y valoraci\u00f3n por el esfuerzo que ha sido necesario ante esta situaci\u00f3n tan compleja.<\/p>\n\n\n\n<p>La Licenciada Mariana Maroli, impulsora de otras iniciativas que han plasmado en diferentes zonas de San Pedro con obras que ya son representativas de nuestra ciudad, agradeci\u00f3 a todos los que colaboraron, especialmente a la Directora de Turismo Marcela Cu\u00f1er (que no pudo estar presente por los preparativos de la apertura de temporada en Vuelta de Obligado) y a las autoridades municipales.<\/p>\n\n\n\n<p>Antes de descubrir la obra, coment\u00f3 que el proyecto surgi\u00f3 por iniciativa del artista mexicano Khimo H\u0101brika Gonz\u00e1lez quien se bas\u00f3 en la leyenda Maya del colibr\u00ed que cuenta que est\u00e1 cargada de gran simbolismo y que refleja que por cada persona que fallece, nace un colibr\u00ed que se convierte en su mensaje y sus pensamientos.<\/p>\n\n\n\n<p>El artista mexicano que replicar\u00e1 esta iniciativa en diferentes ciudades del mundo, cont\u00f3 con la colaboraci\u00f3n de colegas para acompa\u00f1ar desde las redes sociales el proyecto fundacional de esta idea, que en San Pedro realizaron junto a Maroli, Anita Nissero, Gabriela Berdullas, Gast\u00f3n Beltr\u00e1n, Lili Rivero, Mar\u00eda Elena Elcoro, Mar\u00eda Isabel Devito, Mar\u00eda teresa Gordo, Matilde Torres Dell Acqua, Mauricio Ballerini, M\u00f3nica M\u00f3nica Torre, N\u00e9lida Rodr\u00edguez, Silvia Varela, Stella Maris Luna, y Susana San Juan.<\/p>\n\n\n\n<p>Desde la Direcci\u00f3n de Turismo de la Municipalidad de San Pedro se dispuso colocar en la zona ribere\u00f1a este mural pr\u00f3ximamente, ampliando la \u00abRuta del Mosaico\u00bb que ya tiene otras coloridas paradas.<br>En el perfil personal de facebook de la Licenciada Maroli pueden encontrar un video con los diferentes pasos que se fueron dando para la creaci\u00f3n del mural y todos los agradecimientos a quienes colaboraron con esta iniciativa solidaria.<\/p>\n\n\n\n<p>En el mismo acto, en representaci\u00f3n del personal de la Secretar\u00eda de Salud de la Municipalidad de San Pedro, Mariela L\u00f3pez, una de las integrantes del equipo Covid-19 hizo entrega de un cuadro al Secretario de Salud tambi\u00e9n alusivo al trabajo realizado durante la Pandemia y al D\u00eda del M\u00e9dico.<\/p>\n\n\n\n<figure class=\"wp-block-image size-large\"><img decoding=\"async\" width=\"960\" height=\"720\" data-attachment-id=\"84223\" data-permalink=\"https:\/\/eldiariodesanpedro.com.ar\/sitio\/presentaron-un-colibri-de-mosaicos-como-homenaje-al-personal-de-salud-y-a-todos-los-pacientes-de-covid-19\/129897667_675506449824787_8887330195013799274_n\/\" data-orig-file=\"https:\/\/eldiariodesanpedro.com.ar\/sitio\/wp-content\/uploads\/2020\/12\/129897667_675506449824787_8887330195013799274_n.jpg\" data-orig-size=\"960,720\" data-comments-opened=\"1\" data-image-meta=\"{&quot;aperture&quot;:&quot;0&quot;,&quot;credit&quot;:&quot;&quot;,&quot;camera&quot;:&quot;&quot;,&quot;caption&quot;:&quot;&quot;,&quot;created_timestamp&quot;:&quot;0&quot;,&quot;copyright&quot;:&quot;&quot;,&quot;focal_length&quot;:&quot;0&quot;,&quot;iso&quot;:&quot;0&quot;,&quot;shutter_speed&quot;:&quot;0&quot;,&quot;title&quot;:&quot;&quot;,&quot;orientation&quot;:&quot;0&quot;}\" data-image-title=\"129897667_675506449824787_8887330195013799274_n\" data-image-description=\"\" data-image-caption=\"\" data-large-file=\"https:\/\/eldiariodesanpedro.com.ar\/sitio\/wp-content\/uploads\/2020\/12\/129897667_675506449824787_8887330195013799274_n.jpg\" data-src=\"https:\/\/eldiariodesanpedro.com.ar\/sitio\/wp-content\/uploads\/2020\/12\/129897667_675506449824787_8887330195013799274_n.jpg\" alt=\"\" class=\"wp-image-84223 lazyload\" data-srcset=\"https:\/\/eldiariodesanpedro.com.ar\/sitio\/wp-content\/uploads\/2020\/12\/129897667_675506449824787_8887330195013799274_n.jpg 960w, https:\/\/eldiariodesanpedro.com.ar\/sitio\/wp-content\/uploads\/2020\/12\/129897667_675506449824787_8887330195013799274_n-300x225.jpg 300w, https:\/\/eldiariodesanpedro.com.ar\/sitio\/wp-content\/uploads\/2020\/12\/129897667_675506449824787_8887330195013799274_n-768x576.jpg 768w, https:\/\/eldiariodesanpedro.com.ar\/sitio\/wp-content\/uploads\/2020\/12\/129897667_675506449824787_8887330195013799274_n-500x375.jpg 500w\" data-sizes=\"(max-width: 960px) 100vw, 960px\" src=\"data:image\/svg+xml;base64,PHN2ZyB3aWR0aD0iMSIgaGVpZ2h0PSIxIiB4bWxucz0iaHR0cDovL3d3dy53My5vcmcvMjAwMC9zdmciPjwvc3ZnPg==\" style=\"--smush-placeholder-width: 960px; --smush-placeholder-aspect-ratio: 960\/720;\" \/><\/figure>\n\n\n\n<figure class=\"wp-block-image size-large\"><img decoding=\"async\" width=\"720\" height=\"960\" data-attachment-id=\"84221\" data-permalink=\"https:\/\/eldiariodesanpedro.com.ar\/sitio\/presentaron-un-colibri-de-mosaicos-como-homenaje-al-personal-de-salud-y-a-todos-los-pacientes-de-covid-19\/129704513_2810379482553392_2329441825171098947_n\/\" data-orig-file=\"https:\/\/eldiariodesanpedro.com.ar\/sitio\/wp-content\/uploads\/2020\/12\/129704513_2810379482553392_2329441825171098947_n.jpg\" data-orig-size=\"720,960\" data-comments-opened=\"1\" data-image-meta=\"{&quot;aperture&quot;:&quot;0&quot;,&quot;credit&quot;:&quot;&quot;,&quot;camera&quot;:&quot;&quot;,&quot;caption&quot;:&quot;&quot;,&quot;created_timestamp&quot;:&quot;0&quot;,&quot;copyright&quot;:&quot;&quot;,&quot;focal_length&quot;:&quot;0&quot;,&quot;iso&quot;:&quot;0&quot;,&quot;shutter_speed&quot;:&quot;0&quot;,&quot;title&quot;:&quot;&quot;,&quot;orientation&quot;:&quot;0&quot;}\" data-image-title=\"129704513_2810379482553392_2329441825171098947_n\" data-image-description=\"\" data-image-caption=\"\" data-large-file=\"https:\/\/eldiariodesanpedro.com.ar\/sitio\/wp-content\/uploads\/2020\/12\/129704513_2810379482553392_2329441825171098947_n.jpg\" data-src=\"https:\/\/eldiariodesanpedro.com.ar\/sitio\/wp-content\/uploads\/2020\/12\/129704513_2810379482553392_2329441825171098947_n.jpg\" alt=\"\" class=\"wp-image-84221 lazyload\" data-srcset=\"https:\/\/eldiariodesanpedro.com.ar\/sitio\/wp-content\/uploads\/2020\/12\/129704513_2810379482553392_2329441825171098947_n.jpg 720w, https:\/\/eldiariodesanpedro.com.ar\/sitio\/wp-content\/uploads\/2020\/12\/129704513_2810379482553392_2329441825171098947_n-225x300.jpg 225w\" data-sizes=\"(max-width: 720px) 100vw, 720px\" src=\"data:image\/svg+xml;base64,PHN2ZyB3aWR0aD0iMSIgaGVpZ2h0PSIxIiB4bWxucz0iaHR0cDovL3d3dy53My5vcmcvMjAwMC9zdmciPjwvc3ZnPg==\" style=\"--smush-placeholder-width: 720px; --smush-placeholder-aspect-ratio: 720\/960;\" \/><\/figure>\n\n\n\n<figure class=\"wp-block-image size-large\"><img decoding=\"async\" width=\"960\" height=\"540\" data-attachment-id=\"84220\" data-permalink=\"https:\/\/eldiariodesanpedro.com.ar\/sitio\/presentaron-un-colibri-de-mosaicos-como-homenaje-al-personal-de-salud-y-a-todos-los-pacientes-de-covid-19\/129675766_791485578099048_7702365886637708138_n\/\" data-orig-file=\"https:\/\/eldiariodesanpedro.com.ar\/sitio\/wp-content\/uploads\/2020\/12\/129675766_791485578099048_7702365886637708138_n.jpg\" data-orig-size=\"960,540\" data-comments-opened=\"1\" data-image-meta=\"{&quot;aperture&quot;:&quot;0&quot;,&quot;credit&quot;:&quot;&quot;,&quot;camera&quot;:&quot;&quot;,&quot;caption&quot;:&quot;&quot;,&quot;created_timestamp&quot;:&quot;0&quot;,&quot;copyright&quot;:&quot;&quot;,&quot;focal_length&quot;:&quot;0&quot;,&quot;iso&quot;:&quot;0&quot;,&quot;shutter_speed&quot;:&quot;0&quot;,&quot;title&quot;:&quot;&quot;,&quot;orientation&quot;:&quot;0&quot;}\" data-image-title=\"129675766_791485578099048_7702365886637708138_n\" data-image-description=\"\" data-image-caption=\"\" data-large-file=\"https:\/\/eldiariodesanpedro.com.ar\/sitio\/wp-content\/uploads\/2020\/12\/129675766_791485578099048_7702365886637708138_n.jpg\" data-src=\"https:\/\/eldiariodesanpedro.com.ar\/sitio\/wp-content\/uploads\/2020\/12\/129675766_791485578099048_7702365886637708138_n.jpg\" alt=\"\" class=\"wp-image-84220 lazyload\" data-srcset=\"https:\/\/eldiariodesanpedro.com.ar\/sitio\/wp-content\/uploads\/2020\/12\/129675766_791485578099048_7702365886637708138_n.jpg 960w, https:\/\/eldiariodesanpedro.com.ar\/sitio\/wp-content\/uploads\/2020\/12\/129675766_791485578099048_7702365886637708138_n-300x169.jpg 300w, https:\/\/eldiariodesanpedro.com.ar\/sitio\/wp-content\/uploads\/2020\/12\/129675766_791485578099048_7702365886637708138_n-768x432.jpg 768w, https:\/\/eldiariodesanpedro.com.ar\/sitio\/wp-content\/uploads\/2020\/12\/129675766_791485578099048_7702365886637708138_n-800x450.jpg 800w\" data-sizes=\"(max-width: 960px) 100vw, 960px\" src=\"data:image\/svg+xml;base64,PHN2ZyB3aWR0aD0iMSIgaGVpZ2h0PSIxIiB4bWxucz0iaHR0cDovL3d3dy53My5vcmcvMjAwMC9zdmciPjwvc3ZnPg==\" style=\"--smush-placeholder-width: 960px; --smush-placeholder-aspect-ratio: 960\/540;\" \/><\/figure>\n\n\n\n<figure class=\"wp-block-image size-large\"><img decoding=\"async\" width=\"960\" height=\"540\" data-attachment-id=\"84219\" data-permalink=\"https:\/\/eldiariodesanpedro.com.ar\/sitio\/presentaron-un-colibri-de-mosaicos-como-homenaje-al-personal-de-salud-y-a-todos-los-pacientes-de-covid-19\/129575786_1286392478404638_8344689713779131807_n\/\" data-orig-file=\"https:\/\/eldiariodesanpedro.com.ar\/sitio\/wp-content\/uploads\/2020\/12\/129575786_1286392478404638_8344689713779131807_n.jpg\" data-orig-size=\"960,540\" data-comments-opened=\"1\" data-image-meta=\"{&quot;aperture&quot;:&quot;0&quot;,&quot;credit&quot;:&quot;&quot;,&quot;camera&quot;:&quot;&quot;,&quot;caption&quot;:&quot;&quot;,&quot;created_timestamp&quot;:&quot;0&quot;,&quot;copyright&quot;:&quot;&quot;,&quot;focal_length&quot;:&quot;0&quot;,&quot;iso&quot;:&quot;0&quot;,&quot;shutter_speed&quot;:&quot;0&quot;,&quot;title&quot;:&quot;&quot;,&quot;orientation&quot;:&quot;0&quot;}\" data-image-title=\"129575786_1286392478404638_8344689713779131807_n\" data-image-description=\"\" data-image-caption=\"\" data-large-file=\"https:\/\/eldiariodesanpedro.com.ar\/sitio\/wp-content\/uploads\/2020\/12\/129575786_1286392478404638_8344689713779131807_n.jpg\" data-src=\"https:\/\/eldiariodesanpedro.com.ar\/sitio\/wp-content\/uploads\/2020\/12\/129575786_1286392478404638_8344689713779131807_n.jpg\" alt=\"\" class=\"wp-image-84219 lazyload\" data-srcset=\"https:\/\/eldiariodesanpedro.com.ar\/sitio\/wp-content\/uploads\/2020\/12\/129575786_1286392478404638_8344689713779131807_n.jpg 960w, https:\/\/eldiariodesanpedro.com.ar\/sitio\/wp-content\/uploads\/2020\/12\/129575786_1286392478404638_8344689713779131807_n-300x169.jpg 300w, https:\/\/eldiariodesanpedro.com.ar\/sitio\/wp-content\/uploads\/2020\/12\/129575786_1286392478404638_8344689713779131807_n-768x432.jpg 768w, https:\/\/eldiariodesanpedro.com.ar\/sitio\/wp-content\/uploads\/2020\/12\/129575786_1286392478404638_8344689713779131807_n-800x450.jpg 800w\" data-sizes=\"(max-width: 960px) 100vw, 960px\" src=\"data:image\/svg+xml;base64,PHN2ZyB3aWR0aD0iMSIgaGVpZ2h0PSIxIiB4bWxucz0iaHR0cDovL3d3dy53My5vcmcvMjAwMC9zdmciPjwvc3ZnPg==\" style=\"--smush-placeholder-width: 960px; --smush-placeholder-aspect-ratio: 960\/540;\" \/><\/figure>\n\n\n\n<figure class=\"wp-block-image size-large\"><img decoding=\"async\" width=\"960\" height=\"540\" data-attachment-id=\"84218\" data-permalink=\"https:\/\/eldiariodesanpedro.com.ar\/sitio\/presentaron-un-colibri-de-mosaicos-como-homenaje-al-personal-de-salud-y-a-todos-los-pacientes-de-covid-19\/129820472_3469363266493993_3089735919060240741_n\/\" data-orig-file=\"https:\/\/eldiariodesanpedro.com.ar\/sitio\/wp-content\/uploads\/2020\/12\/129820472_3469363266493993_3089735919060240741_n.jpg\" data-orig-size=\"960,540\" data-comments-opened=\"1\" data-image-meta=\"{&quot;aperture&quot;:&quot;0&quot;,&quot;credit&quot;:&quot;&quot;,&quot;camera&quot;:&quot;&quot;,&quot;caption&quot;:&quot;&quot;,&quot;created_timestamp&quot;:&quot;0&quot;,&quot;copyright&quot;:&quot;&quot;,&quot;focal_length&quot;:&quot;0&quot;,&quot;iso&quot;:&quot;0&quot;,&quot;shutter_speed&quot;:&quot;0&quot;,&quot;title&quot;:&quot;&quot;,&quot;orientation&quot;:&quot;0&quot;}\" data-image-title=\"129820472_3469363266493993_3089735919060240741_n\" data-image-description=\"\" data-image-caption=\"\" data-large-file=\"https:\/\/eldiariodesanpedro.com.ar\/sitio\/wp-content\/uploads\/2020\/12\/129820472_3469363266493993_3089735919060240741_n.jpg\" data-src=\"https:\/\/eldiariodesanpedro.com.ar\/sitio\/wp-content\/uploads\/2020\/12\/129820472_3469363266493993_3089735919060240741_n.jpg\" alt=\"\" class=\"wp-image-84218 lazyload\" data-srcset=\"https:\/\/eldiariodesanpedro.com.ar\/sitio\/wp-content\/uploads\/2020\/12\/129820472_3469363266493993_3089735919060240741_n.jpg 960w, https:\/\/eldiariodesanpedro.com.ar\/sitio\/wp-content\/uploads\/2020\/12\/129820472_3469363266493993_3089735919060240741_n-300x169.jpg 300w, https:\/\/eldiariodesanpedro.com.ar\/sitio\/wp-content\/uploads\/2020\/12\/129820472_3469363266493993_3089735919060240741_n-768x432.jpg 768w, https:\/\/eldiariodesanpedro.com.ar\/sitio\/wp-content\/uploads\/2020\/12\/129820472_3469363266493993_3089735919060240741_n-800x450.jpg 800w\" data-sizes=\"(max-width: 960px) 100vw, 960px\" src=\"data:image\/svg+xml;base64,PHN2ZyB3aWR0aD0iMSIgaGVpZ2h0PSIxIiB4bWxucz0iaHR0cDovL3d3dy53My5vcmcvMjAwMC9zdmciPjwvc3ZnPg==\" style=\"--smush-placeholder-width: 960px; --smush-placeholder-aspect-ratio: 960\/540;\" \/><\/figure>\n\n\n\n<figure class=\"wp-block-image size-large\"><img decoding=\"async\" width=\"960\" height=\"540\" data-attachment-id=\"84217\" data-permalink=\"https:\/\/eldiariodesanpedro.com.ar\/sitio\/presentaron-un-colibri-de-mosaicos-como-homenaje-al-personal-de-salud-y-a-todos-los-pacientes-de-covid-19\/129652018_436300427364390_5562461128808802367_n\/\" data-orig-file=\"https:\/\/eldiariodesanpedro.com.ar\/sitio\/wp-content\/uploads\/2020\/12\/129652018_436300427364390_5562461128808802367_n.jpg\" data-orig-size=\"960,540\" data-comments-opened=\"1\" data-image-meta=\"{&quot;aperture&quot;:&quot;0&quot;,&quot;credit&quot;:&quot;&quot;,&quot;camera&quot;:&quot;&quot;,&quot;caption&quot;:&quot;&quot;,&quot;created_timestamp&quot;:&quot;0&quot;,&quot;copyright&quot;:&quot;&quot;,&quot;focal_length&quot;:&quot;0&quot;,&quot;iso&quot;:&quot;0&quot;,&quot;shutter_speed&quot;:&quot;0&quot;,&quot;title&quot;:&quot;&quot;,&quot;orientation&quot;:&quot;0&quot;}\" data-image-title=\"129652018_436300427364390_5562461128808802367_n\" data-image-description=\"\" data-image-caption=\"\" data-large-file=\"https:\/\/eldiariodesanpedro.com.ar\/sitio\/wp-content\/uploads\/2020\/12\/129652018_436300427364390_5562461128808802367_n.jpg\" data-src=\"https:\/\/eldiariodesanpedro.com.ar\/sitio\/wp-content\/uploads\/2020\/12\/129652018_436300427364390_5562461128808802367_n.jpg\" alt=\"\" class=\"wp-image-84217 lazyload\" data-srcset=\"https:\/\/eldiariodesanpedro.com.ar\/sitio\/wp-content\/uploads\/2020\/12\/129652018_436300427364390_5562461128808802367_n.jpg 960w, https:\/\/eldiariodesanpedro.com.ar\/sitio\/wp-content\/uploads\/2020\/12\/129652018_436300427364390_5562461128808802367_n-300x169.jpg 300w, https:\/\/eldiariodesanpedro.com.ar\/sitio\/wp-content\/uploads\/2020\/12\/129652018_436300427364390_5562461128808802367_n-768x432.jpg 768w, https:\/\/eldiariodesanpedro.com.ar\/sitio\/wp-content\/uploads\/2020\/12\/129652018_436300427364390_5562461128808802367_n-800x450.jpg 800w\" data-sizes=\"(max-width: 960px) 100vw, 960px\" src=\"data:image\/svg+xml;base64,PHN2ZyB3aWR0aD0iMSIgaGVpZ2h0PSIxIiB4bWxucz0iaHR0cDovL3d3dy53My5vcmcvMjAwMC9zdmciPjwvc3ZnPg==\" style=\"--smush-placeholder-width: 960px; --smush-placeholder-aspect-ratio: 960\/540;\" \/><\/figure>\n","protected":false},"excerpt":{"rendered":"<p>Esta ma\u00f1ana en la Casona la Direcci\u00f3n de Turismo, el Secretario de Salud Dr. Guillermo Sancho y la Presidenta del C\u00edrculo M\u00e9dico Dra. Liliana Dold\u00e1n recibieron de manos de un grupo de artistas mosaiquistas sampedrinos el mural de Homenaje y Gratitud a todo el personal de salud. En coincidencia con el D\u00eda del M\u00e9dico que [&hellip;]<\/p>\n","protected":false},"author":4,"featured_media":84222,"comment_status":"open","ping_status":"closed","sticky":false,"template":"","format":"standard","meta":{"om_disable_all_campaigns":false,"_jetpack_memberships_contains_paid_content":false,"footnotes":""},"categories":[50,101,2],"tags":[197,696,33],"class_list":["post-84216","post","type-post","status-publish","format-standard","has-post-thumbnail","hentry","category-destacadas","category-interes-general-locales","category-locales","tag-buenos-aires","tag-interes-general","tag-locales"],"aioseo_notices":[],"gutentor_comment":0,"jetpack_featured_media_url":"https:\/\/eldiariodesanpedro.com.ar\/sitio\/wp-content\/uploads\/2020\/12\/129672334_383213253010936_6177591159670587854_n.jpg","jetpack_shortlink":"https:\/\/wp.me\/p6RhLt-lUk","jetpack_sharing_enabled":true,"_links":{"self":[{"href":"https:\/\/eldiariodesanpedro.com.ar\/sitio\/wp-json\/wp\/v2\/posts\/84216","targetHints":{"allow":["GET"]}}],"collection":[{"href":"https:\/\/eldiariodesanpedro.com.ar\/sitio\/wp-json\/wp\/v2\/posts"}],"about":[{"href":"https:\/\/eldiariodesanpedro.com.ar\/sitio\/wp-json\/wp\/v2\/types\/post"}],"author":[{"embeddable":true,"href":"https:\/\/eldiariodesanpedro.com.ar\/sitio\/wp-json\/wp\/v2\/users\/4"}],"replies":[{"embeddable":true,"href":"https:\/\/eldiariodesanpedro.com.ar\/sitio\/wp-json\/wp\/v2\/comments?post=84216"}],"version-history":[{"count":1,"href":"https:\/\/eldiariodesanpedro.com.ar\/sitio\/wp-json\/wp\/v2\/posts\/84216\/revisions"}],"predecessor-version":[{"id":84224,"href":"https:\/\/eldiariodesanpedro.com.ar\/sitio\/wp-json\/wp\/v2\/posts\/84216\/revisions\/84224"}],"wp:featuredmedia":[{"embeddable":true,"href":"https:\/\/eldiariodesanpedro.com.ar\/sitio\/wp-json\/wp\/v2\/media\/84222"}],"wp:attachment":[{"href":"https:\/\/eldiariodesanpedro.com.ar\/sitio\/wp-json\/wp\/v2\/media?parent=84216"}],"wp:term":[{"taxonomy":"category","embeddable":true,"href":"https:\/\/eldiariodesanpedro.com.ar\/sitio\/wp-json\/wp\/v2\/categories?post=84216"},{"taxonomy":"post_tag","embeddable":true,"href":"https:\/\/eldiariodesanpedro.com.ar\/sitio\/wp-json\/wp\/v2\/tags?post=84216"}],"curies":[{"name":"wp","href":"https:\/\/api.w.org\/{rel}","templated":true}]}}