{"id":84213,"date":"2020-12-03T13:09:37","date_gmt":"2020-12-03T16:09:37","guid":{"rendered":"https:\/\/eldiariodesanpedro.com.ar\/sitio\/?p=84213"},"modified":"2020-12-03T13:09:41","modified_gmt":"2020-12-03T16:09:41","slug":"vuelve-el-tren-a-cordoba-e-incorpora-paradas-en-san-pedro","status":"publish","type":"post","link":"https:\/\/eldiariodesanpedro.com.ar\/sitio\/vuelve-el-tren-a-cordoba-e-incorpora-paradas-en-san-pedro\/","title":{"rendered":"Vuelve el tren a C\u00f3rdoba e incorpora paradas en San Pedro"},"content":{"rendered":"<!-- VideographyWP Plugin Message: Automatic video embedding prevented by plugin options. -->\n\n<p>El tren que une C\u00f3rdoba con la Ciudad Aut\u00f3noma de Buenos Aires volver\u00e1 a conectar ambas estaciones a partir del domingo 6 de diciembre.<\/p>\n\n\n\n<p>El servicio mantendr\u00e1 la misma tarifa que ten\u00eda previo a la pandemia y comenzar\u00e1 a detenerse en las estaci\u00f3n de San Pedro.<\/p>\n\n\n\n<p>Los pasajes ya est\u00e1n a la venta en la web de Trenes Argentinos.<\/p>\n\n\n\n<p>El tren contar\u00e1 con dos frecuencias semanales que partir\u00e1n los lunes y viernes a las 21:10 desde Retiro, retomando los jueves y domingos a las 15.30, desde la capital cordobesa. En tanto, el costo del boleto entre cabeceras ser\u00e1 de 500 pesos para primera y 600 pesos para pullman. Por el momento no habr\u00e1 servicios de camarote.<\/p>\n\n\n\n<p>En esta primera etapa, se pusieron a la venta los pasajes hasta el 31 de diciembre. El servicio se detendr\u00e1 en las 12 estaciones del recorrido: Campana, Z\u00e1rate, Baradero, San Pedro, San Nicol\u00e1s, Rosario Sur, Rosario Norte, Ca\u00f1ada de G\u00f3mez, Marcos Ju\u00e1rez, Leones, Bell Ville y Villa Mar\u00eda.<\/p>\n\n\n\n<p>\u201cEl transporte ferroviario es un servicio imprescindible para los pasajeros y pasajeras porque permite cubrir grandes distancias a un costo accesible, es por eso que me genera una alegr\u00eda inmensa poder anunciar su retorno. Adem\u00e1s, junto al gobierno nacional seguiremos trabajando arduamente para que el tren vuelva a cumplir el rol social que ten\u00eda, por ello hemos incorporado la parada en San Nicol\u00e1s y Leones, donde un tren de pasajeros no se deten\u00eda desde hace 30 a\u00f1os.\u201d, expres\u00f3 Mart\u00edn Marinucci, presidente de Trenes Argentinos.<\/p>\n\n\n\n<p>Las personas que ingresen a territorio santafesino y cordob\u00e9s deber\u00e1n cumplir con las medidas sanitarias impuestas por las autoridades provinciales y municipales.<\/p>\n\n\n\n<p>Cabe recordar que el servicio se hab\u00eda interrumpido en marzo pasado al anunciarse el aislamiento social y preventivo por parte de las autoridades nacionales y retorna despu\u00e9s de poco m\u00e1s de ocho meses, luego de ser publicados los decretos en los que las provincias de Santa Fe y C\u00f3rdoba autorizan la reanudaci\u00f3n del servicio de transporte automotor y ferroviario de larga distancia.<\/p>\n\n\n\n<p>Para garantizar las medidas de prevenci\u00f3n y mantener la distancia social, se reducen los lugares disponibles para la venta. Los pasajes est\u00e1n se podr\u00e1n adquirir a trav\u00e9s de la p\u00e1gina https:\/\/webventas.sofse.gob.ar\/, exceptuando a las personas jubiladas y discapacitadas que deber\u00e1n hacerlo en las boleter\u00edas. Ser\u00e1 obligatorio utilizar tapabocas en todo momento, no s\u00f3lo en las estaciones sino tambi\u00e9n sobre la formaci\u00f3n.<\/p>\n\n\n\n<p>Medidas de prevenci\u00f3n<\/p>\n\n\n\n<p>A todos los pasajeros, al momento de abordar el tren, se les controlar\u00e1 la temperatura y durante el viaje deber\u00e1n respetar los asientos asignados, permitiendo \u00fanicamente la movilidad para la utilizaci\u00f3n de los sanitarios.<\/p>\n\n\n\n<p>El descenso y el retiro del equipaje deber\u00e1n ser ordenados, manteniendo el distanciamiento social y respetando las medidas sanitarias establecidas por cada jurisdicci\u00f3n.<\/p>\n\n\n\n<p>La ventilaci\u00f3n de las unidades se realizar\u00e1 antes, durante y despu\u00e9s del viaje, mientras que la higiene de los sanitarios ser\u00e1 de forma permanente. Asimismo, el tren contar\u00e1 con carteler\u00eda visible para que se mantenga la distancia social.<\/p>\n\n\n\n<p>El sal\u00f3n comedor y el coche camarote no funcionar\u00e1n en ninguno de los servicios y se utilizar\u00e1n para aislar a las personas que presentaran s\u00edntomas compatibles con el Covid-19 hasta llegar a destino donde se le prestar\u00e1 la asistencia sanitaria correspondiente.<\/p>\n\n\n\n<p>Cambio de pasajes que no se utilizaron durante la pandemia<\/p>\n\n\n\n<p>Para realizar el cambio de pasajes adquiridos en boleter\u00edas antes de la pandemia, se deber\u00e1 solicitar un turno previo para acercarse a la ventanilla a realizar el tr\u00e1mite. La gesti\u00f3n deber\u00e1 efectuarse en la web https:\/\/turnoslargadistancia.sofse.gob.ar\/turnos-solicitud escogiendo el d\u00eda y horario para presentarse en la boleter\u00eda. La documentaci\u00f3n requerida es la constancia del turno, el documento del\/los viajante\/s y el\/los n\u00famero\/s de pasaje\/s correspondiente\/s para efectuar el cambio.<\/p>\n\n\n\n<p>Aquellas personas que adquirieron su pasaje por la web podr\u00e1n modificar su pasaje o solicitar el reintegro \u00fanicamente a trav\u00e9s de la p\u00e1gina web de Trenes Argentinos https:\/\/webventas.sofse.gob.ar\/.<\/p>\n\n\n\n<p>Esta medida tiene como objetivo evitar las aglomeraciones en las estaciones y seguir permitiendo el distanciamiento social.<\/p>\n\n\n\n<p>Servicios<br>Lunes y viernes de Retiro (Mitre) a las 21.10<br>Jueves y domingos de C\u00f3rdoba a las 15.30<\/p>\n\n\n\n<p>Tarifas<br>500 pesos en primera<br>600 pesos en pullman<br>El camarote no estar\u00e1 habilitado, en una primera etapa<\/p>\n\n\n\n<p>Beneficios en la compra de pasajes:<br>10% de descuento para compras online de todos los pasajes.<br>Menores de 3 a 12 a\u00f1os pagan la mitad del pasaje.<br>Menores de 3 que no ocupan asiento no pagan pasaje<br>Jubilados y pensionados, 40% de descuento. Presentando certificado de jubilaci\u00f3n o recibo de sueldo, solamente en boleter\u00eda presencial.<br>Los discapacitados viajan gratis. Retiro de pasaje, con 48 horas de anticipaci\u00f3n, con original de DNI y certificado de discapacidad. Si el certificado indica con acompa\u00f1ante, este tambi\u00e9n viaja gratis.<\/p>\n\n\n\n<p>Paradas:<br>Campana<br>Z\u00e1rate<br>Baradero<br>San Pedro<br>San Nicol\u00e1s<br>Rosario Sur<br>Rosario Norte<br>Ca\u00f1ada de G\u00f3mez<br>Marcos Ju\u00e1rez<br>Leones<br>Bell Ville<br>Villa Mar\u00eda<\/p>\n","protected":false},"excerpt":{"rendered":"<p>El tren que une C\u00f3rdoba con la Ciudad Aut\u00f3noma de Buenos Aires volver\u00e1 a conectar ambas estaciones a partir del domingo 6 de diciembre. El servicio mantendr\u00e1 la misma tarifa que ten\u00eda previo a la pandemia y comenzar\u00e1 a detenerse en las estaci\u00f3n de San Pedro. Los pasajes ya est\u00e1n a la venta en la [&hellip;]<\/p>\n","protected":false},"author":4,"featured_media":84214,"comment_status":"open","ping_status":"closed","sticky":false,"template":"","format":"standard","meta":{"om_disable_all_campaigns":false,"_jetpack_memberships_contains_paid_content":false,"footnotes":""},"categories":[50,101,2],"tags":[197,696,33],"class_list":["post-84213","post","type-post","status-publish","format-standard","has-post-thumbnail","hentry","category-destacadas","category-interes-general-locales","category-locales","tag-buenos-aires","tag-interes-general","tag-locales"],"aioseo_notices":[],"gutentor_comment":0,"jetpack_featured_media_url":"https:\/\/eldiariodesanpedro.com.ar\/sitio\/wp-content\/uploads\/2020\/12\/no_d8st9m3yo17tn1620201202_193929_0000.png","jetpack_shortlink":"https:\/\/wp.me\/p6RhLt-lUh","jetpack_sharing_enabled":true,"_links":{"self":[{"href":"https:\/\/eldiariodesanpedro.com.ar\/sitio\/wp-json\/wp\/v2\/posts\/84213","targetHints":{"allow":["GET"]}}],"collection":[{"href":"https:\/\/eldiariodesanpedro.com.ar\/sitio\/wp-json\/wp\/v2\/posts"}],"about":[{"href":"https:\/\/eldiariodesanpedro.com.ar\/sitio\/wp-json\/wp\/v2\/types\/post"}],"author":[{"embeddable":true,"href":"https:\/\/eldiariodesanpedro.com.ar\/sitio\/wp-json\/wp\/v2\/users\/4"}],"replies":[{"embeddable":true,"href":"https:\/\/eldiariodesanpedro.com.ar\/sitio\/wp-json\/wp\/v2\/comments?post=84213"}],"version-history":[{"count":1,"href":"https:\/\/eldiariodesanpedro.com.ar\/sitio\/wp-json\/wp\/v2\/posts\/84213\/revisions"}],"predecessor-version":[{"id":84215,"href":"https:\/\/eldiariodesanpedro.com.ar\/sitio\/wp-json\/wp\/v2\/posts\/84213\/revisions\/84215"}],"wp:featuredmedia":[{"embeddable":true,"href":"https:\/\/eldiariodesanpedro.com.ar\/sitio\/wp-json\/wp\/v2\/media\/84214"}],"wp:attachment":[{"href":"https:\/\/eldiariodesanpedro.com.ar\/sitio\/wp-json\/wp\/v2\/media?parent=84213"}],"wp:term":[{"taxonomy":"category","embeddable":true,"href":"https:\/\/eldiariodesanpedro.com.ar\/sitio\/wp-json\/wp\/v2\/categories?post=84213"},{"taxonomy":"post_tag","embeddable":true,"href":"https:\/\/eldiariodesanpedro.com.ar\/sitio\/wp-json\/wp\/v2\/tags?post=84213"}],"curies":[{"name":"wp","href":"https:\/\/api.w.org\/{rel}","templated":true}]}}