{"id":84210,"date":"2020-12-03T13:04:05","date_gmt":"2020-12-03T16:04:05","guid":{"rendered":"https:\/\/eldiariodesanpedro.com.ar\/sitio\/?p=84210"},"modified":"2020-12-03T13:04:09","modified_gmt":"2020-12-03T16:04:09","slug":"suben-las-tarifas-de-internet-cable-y-telefonia","status":"publish","type":"post","link":"https:\/\/eldiariodesanpedro.com.ar\/sitio\/suben-las-tarifas-de-internet-cable-y-telefonia\/","title":{"rendered":"Suben las tarifas de internet, cable y telefon\u00eda"},"content":{"rendered":"<!-- VideographyWP Plugin Message: Automatic video embedding prevented by plugin options. -->\n\n<p>Las empresas proveedoras de los servicios de Internet, televisi\u00f3n por cable y telefon\u00eda fija y m\u00f3vil comenzaron a comunicar a sus usuarios que a partir de enero recibir\u00e1n aumentos de hasta un 20%, luego que el Gobierno hab\u00eda congelado las tarifas hasta fin de a\u00f1o en medio de la pandemia de coronavirus.<\/p>\n\n\n\n<p>La suba, seg\u00fan el argumento de las compa\u00f1\u00edas, es por \u201clos incrementos que no pudieron realizar\u201d durante la mayor parte de este a\u00f1o. \u201cCon el fin de poder mantener la calidad de los servicios y en virtud de que la \u00faltima actualizaci\u00f3n de precios fue realizada en el mes de marzo del corriente, informamos que el 1\u00b0 de enero de 2021 modificaremos los mismos hasta un 20%\u201d, inform\u00f3 en la factura de diciembre la empresa Cablevisi\u00f3n Fibertel \u2013 Telecom a sus clientes.<\/p>\n\n\n\n<p>Asimismo, en la factura explicaron que el Pack F\u00fatbol se incrementar\u00e1 un 25% y recordaron que se puede optar por otro plan m\u00e1s econ\u00f3mico o rescindir el servicio sin cargo.<\/p>\n\n\n\n<p>En mayo, el Ente Nacional de Comunicaciones (Enacom) inform\u00f3 que hab\u00edan llegado a un acuerdo con las empresas para que no hubiera aumentos hasta el 31 de agosto. Pero cuando las compa\u00f1\u00edas hab\u00edan anunciado ya ajustes del 11% para septiembre, el presidente Alberto Fern\u00e1ndez tuite\u00f3 que congelaba hasta el 31 de diciembre las tarifas.<\/p>\n","protected":false},"excerpt":{"rendered":"<p>Las empresas proveedoras de los servicios de Internet, televisi\u00f3n por cable y telefon\u00eda fija y m\u00f3vil comenzaron a comunicar a sus usuarios que a partir de enero recibir\u00e1n aumentos de hasta un 20%, luego que el Gobierno hab\u00eda congelado las tarifas hasta fin de a\u00f1o en medio de la pandemia de coronavirus. La suba, seg\u00fan [&hellip;]<\/p>\n","protected":false},"author":4,"featured_media":84211,"comment_status":"open","ping_status":"closed","sticky":false,"template":"","format":"standard","meta":{"om_disable_all_campaigns":false,"_jetpack_memberships_contains_paid_content":false,"footnotes":""},"categories":[101,2],"tags":[197,1950,696,33,1040,1949],"class_list":["post-84210","post","type-post","status-publish","format-standard","has-post-thumbnail","hentry","category-interes-general-locales","category-locales","tag-buenos-aires","tag-cable-y-telefonia","tag-interes-general","tag-locales","tag-san-pedro-buenos-aires","tag-suben-las-tarifas-de-internet"],"aioseo_notices":[],"gutentor_comment":0,"jetpack_featured_media_url":"https:\/\/eldiariodesanpedro.com.ar\/sitio\/wp-content\/uploads\/2020\/12\/0-1.jpg","jetpack_shortlink":"https:\/\/wp.me\/p6RhLt-lUe","jetpack_sharing_enabled":true,"_links":{"self":[{"href":"https:\/\/eldiariodesanpedro.com.ar\/sitio\/wp-json\/wp\/v2\/posts\/84210","targetHints":{"allow":["GET"]}}],"collection":[{"href":"https:\/\/eldiariodesanpedro.com.ar\/sitio\/wp-json\/wp\/v2\/posts"}],"about":[{"href":"https:\/\/eldiariodesanpedro.com.ar\/sitio\/wp-json\/wp\/v2\/types\/post"}],"author":[{"embeddable":true,"href":"https:\/\/eldiariodesanpedro.com.ar\/sitio\/wp-json\/wp\/v2\/users\/4"}],"replies":[{"embeddable":true,"href":"https:\/\/eldiariodesanpedro.com.ar\/sitio\/wp-json\/wp\/v2\/comments?post=84210"}],"version-history":[{"count":1,"href":"https:\/\/eldiariodesanpedro.com.ar\/sitio\/wp-json\/wp\/v2\/posts\/84210\/revisions"}],"predecessor-version":[{"id":84212,"href":"https:\/\/eldiariodesanpedro.com.ar\/sitio\/wp-json\/wp\/v2\/posts\/84210\/revisions\/84212"}],"wp:featuredmedia":[{"embeddable":true,"href":"https:\/\/eldiariodesanpedro.com.ar\/sitio\/wp-json\/wp\/v2\/media\/84211"}],"wp:attachment":[{"href":"https:\/\/eldiariodesanpedro.com.ar\/sitio\/wp-json\/wp\/v2\/media?parent=84210"}],"wp:term":[{"taxonomy":"category","embeddable":true,"href":"https:\/\/eldiariodesanpedro.com.ar\/sitio\/wp-json\/wp\/v2\/categories?post=84210"},{"taxonomy":"post_tag","embeddable":true,"href":"https:\/\/eldiariodesanpedro.com.ar\/sitio\/wp-json\/wp\/v2\/tags?post=84210"}],"curies":[{"name":"wp","href":"https:\/\/api.w.org\/{rel}","templated":true}]}}