{"id":84138,"date":"2020-12-01T10:15:12","date_gmt":"2020-12-01T13:15:12","guid":{"rendered":"https:\/\/eldiariodesanpedro.com.ar\/sitio\/?p=84138"},"modified":"2020-12-01T10:15:16","modified_gmt":"2020-12-01T13:15:16","slug":"san-pedro-continua-con-el-horario-bancario-normal","status":"publish","type":"post","link":"https:\/\/eldiariodesanpedro.com.ar\/sitio\/san-pedro-continua-con-el-horario-bancario-normal\/","title":{"rendered":"San Pedro continua con el horario bancario normal"},"content":{"rendered":"<!-- VideographyWP Plugin Message: Automatic video embedding prevented by plugin options. -->\n\n<p>A partir de este martes 1\u00b0 de diciembre de 2020 y hasta el pr\u00f3ximo 4 de abril del a\u00f1o pr\u00f3ximo pasar\u00e1 a ser de 08 a 13 horas en las comunas restantes del interior de la Provincia. El prop\u00f3sito del cambio en dichas localidades es evitar largas filas frente a los bancos en horarios con temperaturas elevad\u00edsimas.<\/p>\n\n\n\n<p>A partir de este martes 1\u00b0 de diciembre de 2020 y hasta el pr\u00f3ximo 4 de abril del a\u00f1o que viene cambiar\u00e1 el horario bancario de entidades que se encuentren fuera del AMBA, por una decisi\u00f3n del Gobierno de la provincia de Buenos Aires, que incluye una adhesi\u00f3n voluntaria a la modificaci\u00f3n por parte de los Municipios. <\/p>\n\n\n\n<p>Hasta ahora, el horario bancario en toda la Provincia era de 10 a 15 horas y a partir de este martes en 73 Municipios ser\u00e1 de 08 a 13. En nuestra ciudad, al parecer y por el momento, seguir\u00e1 igual que antes.<\/p>\n\n\n\n<p>Seg\u00fan trascendi\u00f3, la intenci\u00f3n desde la Administraci\u00f3n Provincial es conseguir la adhesi\u00f3n a la medida de la mayor cantidad de Distritos de las 135 comunas que conforman la provincia de Buenos Aires.<\/p>\n\n\n\n<p>El prop\u00f3sito es evitar largas filas frente a los bancos en horarios con temperaturas elevad\u00edsimas, pese a que est\u00e1 previsto continuar con el sistema de turnos implementado durante la emergencia sanitaria por la pandemia.<\/p>\n","protected":false},"excerpt":{"rendered":"<p>A partir de este martes 1\u00b0 de diciembre de 2020 y hasta el pr\u00f3ximo 4 de abril del a\u00f1o pr\u00f3ximo pasar\u00e1 a ser de 08 a 13 horas en las comunas restantes del interior de la Provincia. El prop\u00f3sito del cambio en dichas localidades es evitar largas filas frente a los bancos en horarios con [&hellip;]<\/p>\n","protected":false},"author":4,"featured_media":84139,"comment_status":"open","ping_status":"closed","sticky":false,"template":"","format":"standard","meta":{"om_disable_all_campaigns":false,"_jetpack_memberships_contains_paid_content":false,"footnotes":""},"categories":[50,101,2],"tags":[],"class_list":["post-84138","post","type-post","status-publish","format-standard","has-post-thumbnail","hentry","category-destacadas","category-interes-general-locales","category-locales"],"aioseo_notices":[],"gutentor_comment":0,"jetpack_featured_media_url":"https:\/\/eldiariodesanpedro.com.ar\/sitio\/wp-content\/uploads\/2020\/12\/Sin-titulo-1.jpg","jetpack_shortlink":"https:\/\/wp.me\/p6RhLt-lT4","jetpack_sharing_enabled":true,"_links":{"self":[{"href":"https:\/\/eldiariodesanpedro.com.ar\/sitio\/wp-json\/wp\/v2\/posts\/84138","targetHints":{"allow":["GET"]}}],"collection":[{"href":"https:\/\/eldiariodesanpedro.com.ar\/sitio\/wp-json\/wp\/v2\/posts"}],"about":[{"href":"https:\/\/eldiariodesanpedro.com.ar\/sitio\/wp-json\/wp\/v2\/types\/post"}],"author":[{"embeddable":true,"href":"https:\/\/eldiariodesanpedro.com.ar\/sitio\/wp-json\/wp\/v2\/users\/4"}],"replies":[{"embeddable":true,"href":"https:\/\/eldiariodesanpedro.com.ar\/sitio\/wp-json\/wp\/v2\/comments?post=84138"}],"version-history":[{"count":1,"href":"https:\/\/eldiariodesanpedro.com.ar\/sitio\/wp-json\/wp\/v2\/posts\/84138\/revisions"}],"predecessor-version":[{"id":84140,"href":"https:\/\/eldiariodesanpedro.com.ar\/sitio\/wp-json\/wp\/v2\/posts\/84138\/revisions\/84140"}],"wp:featuredmedia":[{"embeddable":true,"href":"https:\/\/eldiariodesanpedro.com.ar\/sitio\/wp-json\/wp\/v2\/media\/84139"}],"wp:attachment":[{"href":"https:\/\/eldiariodesanpedro.com.ar\/sitio\/wp-json\/wp\/v2\/media?parent=84138"}],"wp:term":[{"taxonomy":"category","embeddable":true,"href":"https:\/\/eldiariodesanpedro.com.ar\/sitio\/wp-json\/wp\/v2\/categories?post=84138"},{"taxonomy":"post_tag","embeddable":true,"href":"https:\/\/eldiariodesanpedro.com.ar\/sitio\/wp-json\/wp\/v2\/tags?post=84138"}],"curies":[{"name":"wp","href":"https:\/\/api.w.org\/{rel}","templated":true}]}}