{"id":84135,"date":"2020-12-01T09:54:04","date_gmt":"2020-12-01T12:54:04","guid":{"rendered":"https:\/\/eldiariodesanpedro.com.ar\/sitio\/?p=84135"},"modified":"2020-12-01T09:54:08","modified_gmt":"2020-12-01T12:54:08","slug":"el-gobierno-y-gremios-acordaron-un-salario-minimo-inicial-docente-de-27-500-pesos","status":"publish","type":"post","link":"https:\/\/eldiariodesanpedro.com.ar\/sitio\/el-gobierno-y-gremios-acordaron-un-salario-minimo-inicial-docente-de-27-500-pesos\/","title":{"rendered":"El Gobierno y gremios acordaron un salario m\u00ednimo inicial docente de 27.500 pesos"},"content":{"rendered":"<!-- VideographyWP Plugin Message: Automatic video embedding prevented by plugin options. -->\n\n<p>Cumpliendo con la restituci\u00f3n de la paritaria nacional docente, se aprob\u00f3 por unanimidad el incremento del salario m\u00ednimo docente garantizado, que con un 33,46% durante el 2020, logrando que supere la inflaci\u00f3n y duplicando el incentivo docente entre marzo 2020 y febrero 2021 mediante la pr\u00f3rroga del pago de la suma extraordinaria.<\/p>\n\n\n\n<p>El ministro de Educaci\u00f3n de la Naci\u00f3n, Nicol\u00e1s Trotta, se reuni\u00f3 con su par de Trabajo, Claudio Moroni, las y los cinco ministros de las regiones y la Secretaria del CFE con los representantes de los cinco sindicatos docentes nacionales: CTERA, UDA, CEA, SADOP y AMET en una nueva convocatoria de paritarias, dado que el mes de octubre venci\u00f3 el acuerdo por el pago de una suma extraordinaria en el concepto del Fondo de Incentivo Docente (FONID).<\/p>\n\n\n\n<p>En esta nueva convocatoria se estableci\u00f3 que el salario m\u00ednimo docente nacional ser\u00e1 de 27.500 pesos a partir del 1\u00b0 de diciembre de 2020. Dicha suma incluye FONID, material did\u00e1ctico y suma extraordinaria. La asignaci\u00f3n de los recursos que correspondan ser\u00e1 atendida a trav\u00e9s del Programa Nacional de Compensaci\u00f3n Salarial Docente conforme lo establece el art\u00edculo 9\u00b0 de la Ley N\u00b0 26.075. Esta suma, para el cargo docente de grado, jornada simple (4 horas) sin antig\u00fcedad (ingresante) tuvo a lo largo de 2020, a partir de este acuerdo, un incremento de 33,46%.<\/p>\n\n\n\n<p>Adem\u00e1s se renov\u00f3 por cuatro meses m\u00e1s el pago de una suma extraordinaria \u201cFONID-suma extr.2020\/2021\u201d de 4.840 pesos en cuatro cuotas iguales, mensuales y consecutivas de 1.210 pesos, la cual ser\u00e1 abonada en los meses de diciembre, enero, febrero y marzo conjuntamente con el pago del FONID ($1.210) y material did\u00e1ctico ($210).<\/p>\n\n\n\n<p>Durante el encuentro, que se llev\u00f3 a cabo de manera virtual, el titular de la cartera educativa nacional se\u00f1al\u00f3: \u201cPara nosotros es fundamental cuidar estas instancias de negociaci\u00f3n y de concertaci\u00f3n entre el Estado y los trabajadores . Por eso, creemos que este marco paritario que estamos celebrando hoy para poder debatir y discutir, no solo el salario sino tambi\u00e9n condiciones de trabajo y el rumbo que queremos consolidar del sistema educativo para el 2021, debe sostenerse a lo largo del tiempo\u201d y agreg\u00f3: \u201cAgradezco a las 5 organizaciones sindicales nacionales por un a\u00f1o de di\u00e1logo constante, con acuerdos y con diferencias; creo que todos buscamos en este contexto de tanta dificultad las mejores pol\u00edticas para poder garantizar el derecho a una educaci\u00f3n transformadora\u201d.<\/p>\n\n\n\n<p>Por su parte, el ministro de Trabajo de la Naci\u00f3n, Claudio Moroni, dijo: \u201cNo solo se recuper\u00f3 la negociaci\u00f3n paritaria nacional sino que mantuvimos las paritarias en todo el sector privado. La aplicaci\u00f3n del salario m\u00ednimo vital y m\u00f3vil por el Consejo. En la crisis, apostamos al di\u00e1logo social y estoy seguro que fue una decisi\u00f3n acertada. Vamos a terminar el a\u00f1o con algo que no pasaba hace m\u00e1s de 3 que es que los salarios promedios de los sectores convencionados van a estar al mismo nivel o quiz\u00e1s superando por un poco la inflaci\u00f3n del a\u00f1o. Comparado con otros a\u00f1os cr\u00edticos como el 2002 -donde el salario real termin\u00f3 a m\u00e1s de 20 puntos- la decisi\u00f3n de mantener estos mecanismos de negociaci\u00f3n prueba que fue acertada y que los actores sociales lo han manejado con la responsabilidad del caso. Este mecanismo hay que cuidarlo con actitudes de buena fe y creo que lo estamos haciendo. Cuidemos esta instancia de di\u00e1logo que es la que nos va a permitir resolver no solo los problemas salariales, sino un mont\u00f3n de otros temas. El di\u00e1logo social para nosotros es fundamental\u201d.<\/p>\n\n\n\n<p>En el marco de la recuperaci\u00f3n de la paritaria nacional docente, se acord\u00f3 en febrero de 2020 un incremento del ciento por ciento en el \u00edtem FONID mediante el pago de una suma extraordinaria por cuatro meses, que fue posteriormente (por acuerdo del 24\/07) prorrogada por cuatro meses m\u00e1s y que se prev\u00e9 consolidar el a\u00f1o pr\u00f3ximo, para lo cual se han incorporado al presupuesto 2021 los cr\u00e9ditos correspondientes (incremento del 33% sobre el cr\u00e9dito vigente), contemplando tambi\u00e9n el \u00edtem Fondo Compensador.<\/p>\n\n\n\n<p>Negociaciones colectivas en cada jurisdicci\u00f3n y se acord\u00f3 la pr\u00f3xima reuni\u00f3n paritaria nacional, la cual se realizar\u00e1 en febrero de 2021, a fin de analizar la evoluci\u00f3n del acuerdo y las condiciones laborales del trabajo docente.<\/p>\n\n\n\n<p>La reuni\u00f3n cont\u00f3 con la participaci\u00f3n de la secretaria del Consejo Federal de Educaci\u00f3n, Marisa D\u00edaz y los integrantes de su Comit\u00e9 Ejecutivo por las cinco regiones: Walter Grahovac (C\u00f3rdoba \u2013 Centro); Jos\u00e9 Manuel Thomas (Mendoza \u2013 Cuyo); Juan Pablo Lichtmajer (Tucum\u00e1n \u2013 NOA); Daniela Torrente (Chaco \u2013 NEA); y Mar\u00eda Cecilia Vel\u00e1zquez (Santa Cruz \u2013 Sur).<\/p>\n\n\n\n<p>Por las entidades sindicales nacionales participaron: Sonia Alesso (CTERA), Roberto Baradel (SUTEBA), Luis Branchi (CTERA), Noemi Tejeda (CTERA), Juan Monserrat (CTERA), Sergio Romero (UDA), Juan Carlos Aguirre (CEA), Rub\u00e9n Blanco (AMET), Jorge Kalinger (SADOP), Ernesto Cepeda (AMET), Fabi\u00e1n Felman (CEA), Rodolfo De Vicenzi (CAIEP), Norberto Baloira (COORDIEP), y Jos\u00e9 \u00c1lvarez (CONSUDEC).<\/p>\n","protected":false},"excerpt":{"rendered":"<p>Cumpliendo con la restituci\u00f3n de la paritaria nacional docente, se aprob\u00f3 por unanimidad el incremento del salario m\u00ednimo docente garantizado, que con un 33,46% durante el 2020, logrando que supere la inflaci\u00f3n y duplicando el incentivo docente entre marzo 2020 y febrero 2021 mediante la pr\u00f3rroga del pago de la suma extraordinaria. El ministro de [&hellip;]<\/p>\n","protected":false},"author":4,"featured_media":84136,"comment_status":"open","ping_status":"closed","sticky":false,"template":"","format":"standard","meta":{"om_disable_all_campaigns":false,"_jetpack_memberships_contains_paid_content":false,"footnotes":""},"categories":[101,2],"tags":[188,1718,33,329],"class_list":["post-84135","post","type-post","status-publish","format-standard","has-post-thumbnail","hentry","category-interes-general-locales","category-locales","tag-aumento","tag-docentes","tag-locales","tag-provincia"],"aioseo_notices":[],"gutentor_comment":0,"jetpack_featured_media_url":"https:\/\/eldiariodesanpedro.com.ar\/sitio\/wp-content\/uploads\/2020\/12\/docente-aula-escuela.jpg","jetpack_shortlink":"https:\/\/wp.me\/p6RhLt-lT1","jetpack_sharing_enabled":true,"_links":{"self":[{"href":"https:\/\/eldiariodesanpedro.com.ar\/sitio\/wp-json\/wp\/v2\/posts\/84135","targetHints":{"allow":["GET"]}}],"collection":[{"href":"https:\/\/eldiariodesanpedro.com.ar\/sitio\/wp-json\/wp\/v2\/posts"}],"about":[{"href":"https:\/\/eldiariodesanpedro.com.ar\/sitio\/wp-json\/wp\/v2\/types\/post"}],"author":[{"embeddable":true,"href":"https:\/\/eldiariodesanpedro.com.ar\/sitio\/wp-json\/wp\/v2\/users\/4"}],"replies":[{"embeddable":true,"href":"https:\/\/eldiariodesanpedro.com.ar\/sitio\/wp-json\/wp\/v2\/comments?post=84135"}],"version-history":[{"count":1,"href":"https:\/\/eldiariodesanpedro.com.ar\/sitio\/wp-json\/wp\/v2\/posts\/84135\/revisions"}],"predecessor-version":[{"id":84137,"href":"https:\/\/eldiariodesanpedro.com.ar\/sitio\/wp-json\/wp\/v2\/posts\/84135\/revisions\/84137"}],"wp:featuredmedia":[{"embeddable":true,"href":"https:\/\/eldiariodesanpedro.com.ar\/sitio\/wp-json\/wp\/v2\/media\/84136"}],"wp:attachment":[{"href":"https:\/\/eldiariodesanpedro.com.ar\/sitio\/wp-json\/wp\/v2\/media?parent=84135"}],"wp:term":[{"taxonomy":"category","embeddable":true,"href":"https:\/\/eldiariodesanpedro.com.ar\/sitio\/wp-json\/wp\/v2\/categories?post=84135"},{"taxonomy":"post_tag","embeddable":true,"href":"https:\/\/eldiariodesanpedro.com.ar\/sitio\/wp-json\/wp\/v2\/tags?post=84135"}],"curies":[{"name":"wp","href":"https:\/\/api.w.org\/{rel}","templated":true}]}}