{"id":84132,"date":"2020-12-01T09:39:29","date_gmt":"2020-12-01T12:39:29","guid":{"rendered":"https:\/\/eldiariodesanpedro.com.ar\/sitio\/?p=84132"},"modified":"2020-12-01T09:39:33","modified_gmt":"2020-12-01T12:39:33","slug":"ate-informa-un-paro-en-el-municipio-para-este-jueves-y-viernes","status":"publish","type":"post","link":"https:\/\/eldiariodesanpedro.com.ar\/sitio\/ate-informa-un-paro-en-el-municipio-para-este-jueves-y-viernes\/","title":{"rendered":"ATE informa un paro en el municipio para este jueves y viernes"},"content":{"rendered":"<!-- VideographyWP Plugin Message: Automatic video embedding prevented by plugin options. -->\n\n<p>En la tarde de ayer la Asociaci\u00f3n de Trabajadores del Estado filial San Pedro tomaron la decisi\u00f3n de realizar una protesta tras conocerse que durante el a\u00f1o 2020 no habr\u00e1 ning\u00fan aumento en el salario de los empleados municipales tras un comunicado del ejecutivo.<\/p>\n\n\n\n<p>ATE San Pedro inform\u00f3 este lunes a trav\u00e9s de su secretario Gauna que el pr\u00f3ximo jueves y viernes decidieron tomar medidas con un paro con cese total de actividades en reclamo de mejoras salariales.<\/p>\n\n\n\n<p>La decisi\u00f3n se tom\u00f3 despu\u00e9s de que el pasado mes de septiembre los gremios acordaron con el ejecutivo el beneficio de un bono en 4 cuotas y una reapertura de paritarias para este mes de diciembre, y este lunes el gobierno local decidi\u00f3 finalizar los acuerdos para este 2020 lo que molest\u00f3 a los empleados municipales.&nbsp;<\/p>\n","protected":false},"excerpt":{"rendered":"<p>En la tarde de ayer la Asociaci\u00f3n de Trabajadores del Estado filial San Pedro tomaron la decisi\u00f3n de realizar una protesta tras conocerse que durante el a\u00f1o 2020 no habr\u00e1 ning\u00fan aumento en el salario de los empleados municipales tras un comunicado del ejecutivo. ATE San Pedro inform\u00f3 este lunes a trav\u00e9s de su secretario [&hellip;]<\/p>\n","protected":false},"author":4,"featured_media":84133,"comment_status":"open","ping_status":"closed","sticky":false,"template":"","format":"standard","meta":{"om_disable_all_campaigns":false,"_jetpack_memberships_contains_paid_content":false,"footnotes":""},"categories":[50,101,2],"tags":[],"class_list":["post-84132","post","type-post","status-publish","format-standard","has-post-thumbnail","hentry","category-destacadas","category-interes-general-locales","category-locales"],"aioseo_notices":[],"gutentor_comment":0,"jetpack_featured_media_url":"https:\/\/eldiariodesanpedro.com.ar\/sitio\/wp-content\/uploads\/2020\/12\/ATE.jpg","jetpack_shortlink":"https:\/\/wp.me\/p6RhLt-lSY","jetpack_sharing_enabled":true,"_links":{"self":[{"href":"https:\/\/eldiariodesanpedro.com.ar\/sitio\/wp-json\/wp\/v2\/posts\/84132","targetHints":{"allow":["GET"]}}],"collection":[{"href":"https:\/\/eldiariodesanpedro.com.ar\/sitio\/wp-json\/wp\/v2\/posts"}],"about":[{"href":"https:\/\/eldiariodesanpedro.com.ar\/sitio\/wp-json\/wp\/v2\/types\/post"}],"author":[{"embeddable":true,"href":"https:\/\/eldiariodesanpedro.com.ar\/sitio\/wp-json\/wp\/v2\/users\/4"}],"replies":[{"embeddable":true,"href":"https:\/\/eldiariodesanpedro.com.ar\/sitio\/wp-json\/wp\/v2\/comments?post=84132"}],"version-history":[{"count":1,"href":"https:\/\/eldiariodesanpedro.com.ar\/sitio\/wp-json\/wp\/v2\/posts\/84132\/revisions"}],"predecessor-version":[{"id":84134,"href":"https:\/\/eldiariodesanpedro.com.ar\/sitio\/wp-json\/wp\/v2\/posts\/84132\/revisions\/84134"}],"wp:featuredmedia":[{"embeddable":true,"href":"https:\/\/eldiariodesanpedro.com.ar\/sitio\/wp-json\/wp\/v2\/media\/84133"}],"wp:attachment":[{"href":"https:\/\/eldiariodesanpedro.com.ar\/sitio\/wp-json\/wp\/v2\/media?parent=84132"}],"wp:term":[{"taxonomy":"category","embeddable":true,"href":"https:\/\/eldiariodesanpedro.com.ar\/sitio\/wp-json\/wp\/v2\/categories?post=84132"},{"taxonomy":"post_tag","embeddable":true,"href":"https:\/\/eldiariodesanpedro.com.ar\/sitio\/wp-json\/wp\/v2\/tags?post=84132"}],"curies":[{"name":"wp","href":"https:\/\/api.w.org\/{rel}","templated":true}]}}