{"id":84049,"date":"2020-11-27T18:30:47","date_gmt":"2020-11-27T21:30:47","guid":{"rendered":"https:\/\/eldiariodesanpedro.com.ar\/sitio\/?p=84049"},"modified":"2020-11-27T18:30:51","modified_gmt":"2020-11-27T21:30:51","slug":"aprehension-de-delincuente-que-habia-robado-electrodomesticos-en-una-vivienda","status":"publish","type":"post","link":"https:\/\/eldiariodesanpedro.com.ar\/sitio\/aprehension-de-delincuente-que-habia-robado-electrodomesticos-en-una-vivienda\/","title":{"rendered":"Aprehensi\u00f3n de delincuente que hab\u00eda robado electrodom\u00e9sticos en una vivienda"},"content":{"rendered":"<!-- VideographyWP Plugin Message: Automatic video embedding prevented by plugin options. -->\n\n<p>En la ma\u00f1ana de hoy, personal policial de la comisaria alertada y tras r\u00e1pido proceder en Soldado Almonacid y Ayacucho, aprehenden en fuga a delincuente masculino de 25 a\u00f1os de edad. <\/p>\n\n\n\n<p>Se estableci\u00f3 que el delicuente se fugaba tras realizar el robo en una vivienda de calle Cruz Roja al 300, donde resulto victima un joven de 20 a\u00f1os de edad, quien dio cuenta a la polic\u00eda, que en ausencia de moradores tras violentar abertura ingresan a su domicilio y sustraen numerosos electrodom\u00e9sticos. <\/p>\n\n\n\n<p>Luego de averiguaciones el mismo damnificado y familiares realizaron en el vecindario determinaron autor\u00eda del hecho al delincuente aprehendido, quien oculto bot\u00edn en su domicilio que resulta a pocos metros del lugar del hecho. <\/p>\n\n\n\n<p>Antes del arribo policial al evento, el delincuente aprehendido arremeti\u00f3 contra familiares de la victima, molesto porque los mismos se presentaron en su domicilio reclamando lo robado, oportunidad en que se trenzo en lucha con el hermano de la victima, otro masculino de 27 a\u00f1os de edad, resultando ambos lesionados, al presentarse el m\u00f3vil polic\u00eda en el domicilio del aprehendido, familiares devolvieron todo lo sustra\u00eddo, que fue secuestrado, quedando a disposici\u00f3n judicial. <\/p>\n\n\n\n<p>El aprehendido como consecuencia de las lesiones sufridas por la reyerta del reclamo perm\u00e9ense en observaci\u00f3n en el hospital local con la debida custodia policial. <\/p>\n\n\n\n<p>Interviene la fiscal\u00eda en turno quien resolver\u00e1 la situaci\u00f3n procesal del delincuente que cuenta con antecedentes delictuales.<\/p>\n","protected":false},"excerpt":{"rendered":"<p>En la ma\u00f1ana de hoy, personal policial de la comisaria alertada y tras r\u00e1pido proceder en Soldado Almonacid y Ayacucho, aprehenden en fuga a delincuente masculino de 25 a\u00f1os de edad. Se estableci\u00f3 que el delicuente se fugaba tras realizar el robo en una vivienda de calle Cruz Roja al 300, donde resulto victima un [&hellip;]<\/p>\n","protected":false},"author":4,"featured_media":84041,"comment_status":"open","ping_status":"closed","sticky":false,"template":"","format":"standard","meta":{"om_disable_all_campaigns":false,"_jetpack_memberships_contains_paid_content":false,"footnotes":""},"categories":[50,2,103],"tags":[33,95],"class_list":["post-84049","post","type-post","status-publish","format-standard","has-post-thumbnail","hentry","category-destacadas","category-locales","category-policiales-locales","tag-locales","tag-policiales"],"aioseo_notices":[],"gutentor_comment":0,"jetpack_featured_media_url":"https:\/\/eldiariodesanpedro.com.ar\/sitio\/wp-content\/uploads\/2020\/11\/128308351_287006659396198_7681887191880077302_n.jpg","jetpack_shortlink":"https:\/\/wp.me\/p6RhLt-lRD","jetpack_sharing_enabled":true,"_links":{"self":[{"href":"https:\/\/eldiariodesanpedro.com.ar\/sitio\/wp-json\/wp\/v2\/posts\/84049","targetHints":{"allow":["GET"]}}],"collection":[{"href":"https:\/\/eldiariodesanpedro.com.ar\/sitio\/wp-json\/wp\/v2\/posts"}],"about":[{"href":"https:\/\/eldiariodesanpedro.com.ar\/sitio\/wp-json\/wp\/v2\/types\/post"}],"author":[{"embeddable":true,"href":"https:\/\/eldiariodesanpedro.com.ar\/sitio\/wp-json\/wp\/v2\/users\/4"}],"replies":[{"embeddable":true,"href":"https:\/\/eldiariodesanpedro.com.ar\/sitio\/wp-json\/wp\/v2\/comments?post=84049"}],"version-history":[{"count":1,"href":"https:\/\/eldiariodesanpedro.com.ar\/sitio\/wp-json\/wp\/v2\/posts\/84049\/revisions"}],"predecessor-version":[{"id":84050,"href":"https:\/\/eldiariodesanpedro.com.ar\/sitio\/wp-json\/wp\/v2\/posts\/84049\/revisions\/84050"}],"wp:featuredmedia":[{"embeddable":true,"href":"https:\/\/eldiariodesanpedro.com.ar\/sitio\/wp-json\/wp\/v2\/media\/84041"}],"wp:attachment":[{"href":"https:\/\/eldiariodesanpedro.com.ar\/sitio\/wp-json\/wp\/v2\/media?parent=84049"}],"wp:term":[{"taxonomy":"category","embeddable":true,"href":"https:\/\/eldiariodesanpedro.com.ar\/sitio\/wp-json\/wp\/v2\/categories?post=84049"},{"taxonomy":"post_tag","embeddable":true,"href":"https:\/\/eldiariodesanpedro.com.ar\/sitio\/wp-json\/wp\/v2\/tags?post=84049"}],"curies":[{"name":"wp","href":"https:\/\/api.w.org\/{rel}","templated":true}]}}