{"id":84036,"date":"2020-11-27T12:21:41","date_gmt":"2020-11-27T15:21:41","guid":{"rendered":"https:\/\/eldiariodesanpedro.com.ar\/sitio\/?p=84036"},"modified":"2020-11-27T12:21:45","modified_gmt":"2020-11-27T15:21:45","slug":"tres-aprehendidos-por-tenencia-de-estupefacientes-y-arma-blanca","status":"publish","type":"post","link":"https:\/\/eldiariodesanpedro.com.ar\/sitio\/tres-aprehendidos-por-tenencia-de-estupefacientes-y-arma-blanca\/","title":{"rendered":"Tres aprehendidos por tenencia de estupefacientes y arma blanca"},"content":{"rendered":"<!-- VideographyWP Plugin Message: Automatic video embedding prevented by plugin options. -->\n\n<p>En la jornada de este jueves la polic\u00eda realiz\u00f3 operativos de interceptaci\u00f3n en v\u00eda p\u00fablica como habitualmente lo hace donde aprehendieron a tres personas.<\/p>\n\n\n\n<p>El primero de ellos en las calles 11 de Septiembre y General Alvarado, traslada masculino de 20 a\u00f1os, secuestrando un envoltorio con marihuana \u00ednfimo pesaje.<\/p>\n\n\n\n<p>Tambi\u00e9n en calle Depietri y 3 de Febrero, traslada masculino&nbsp; de 18 a\u00f1os, secuestrando un envoltorio con marihuana de \u00ednfimo pesaje.&nbsp;<\/p>\n\n\n\n<p>Otro fue en calle Bulevar Paran\u00e1 y Thorne,&nbsp; trasladado masculino de 18 a\u00f1os, secuestrando un cuchillo tipo cocina de 20 cm.<\/p>\n\n\n\n<p>Las tres personas fueron trasladadas a la comisar\u00eda local donde luego de los recaudos legales fueron liberados.<\/p>\n","protected":false},"excerpt":{"rendered":"<p>En la jornada de este jueves la polic\u00eda realiz\u00f3 operativos de interceptaci\u00f3n en v\u00eda p\u00fablica como habitualmente lo hace donde aprehendieron a tres personas. El primero de ellos en las calles 11 de Septiembre y General Alvarado, traslada masculino de 20 a\u00f1os, secuestrando un envoltorio con marihuana \u00ednfimo pesaje. Tambi\u00e9n en calle Depietri y 3 [&hellip;]<\/p>\n","protected":false},"author":4,"featured_media":78843,"comment_status":"open","ping_status":"closed","sticky":false,"template":"","format":"standard","meta":{"om_disable_all_campaigns":false,"_jetpack_memberships_contains_paid_content":false,"footnotes":""},"categories":[2,103],"tags":[197,33,95],"class_list":["post-84036","post","type-post","status-publish","format-standard","has-post-thumbnail","hentry","category-locales","category-policiales-locales","tag-buenos-aires","tag-locales","tag-policiales"],"aioseo_notices":[],"gutentor_comment":0,"jetpack_featured_media_url":"https:\/\/eldiariodesanpedro.com.ar\/sitio\/wp-content\/uploads\/2020\/08\/0.jpg","jetpack_shortlink":"https:\/\/wp.me\/p6RhLt-lRq","jetpack_sharing_enabled":true,"_links":{"self":[{"href":"https:\/\/eldiariodesanpedro.com.ar\/sitio\/wp-json\/wp\/v2\/posts\/84036","targetHints":{"allow":["GET"]}}],"collection":[{"href":"https:\/\/eldiariodesanpedro.com.ar\/sitio\/wp-json\/wp\/v2\/posts"}],"about":[{"href":"https:\/\/eldiariodesanpedro.com.ar\/sitio\/wp-json\/wp\/v2\/types\/post"}],"author":[{"embeddable":true,"href":"https:\/\/eldiariodesanpedro.com.ar\/sitio\/wp-json\/wp\/v2\/users\/4"}],"replies":[{"embeddable":true,"href":"https:\/\/eldiariodesanpedro.com.ar\/sitio\/wp-json\/wp\/v2\/comments?post=84036"}],"version-history":[{"count":1,"href":"https:\/\/eldiariodesanpedro.com.ar\/sitio\/wp-json\/wp\/v2\/posts\/84036\/revisions"}],"predecessor-version":[{"id":84037,"href":"https:\/\/eldiariodesanpedro.com.ar\/sitio\/wp-json\/wp\/v2\/posts\/84036\/revisions\/84037"}],"wp:featuredmedia":[{"embeddable":true,"href":"https:\/\/eldiariodesanpedro.com.ar\/sitio\/wp-json\/wp\/v2\/media\/78843"}],"wp:attachment":[{"href":"https:\/\/eldiariodesanpedro.com.ar\/sitio\/wp-json\/wp\/v2\/media?parent=84036"}],"wp:term":[{"taxonomy":"category","embeddable":true,"href":"https:\/\/eldiariodesanpedro.com.ar\/sitio\/wp-json\/wp\/v2\/categories?post=84036"},{"taxonomy":"post_tag","embeddable":true,"href":"https:\/\/eldiariodesanpedro.com.ar\/sitio\/wp-json\/wp\/v2\/tags?post=84036"}],"curies":[{"name":"wp","href":"https:\/\/api.w.org\/{rel}","templated":true}]}}