{"id":84034,"date":"2020-11-27T12:09:03","date_gmt":"2020-11-27T15:09:03","guid":{"rendered":"https:\/\/eldiariodesanpedro.com.ar\/sitio\/?p=84034"},"modified":"2020-11-27T12:09:06","modified_gmt":"2020-11-27T15:09:06","slug":"un-joven-golpeo-a-su-vecina-dejandola-inconsciente","status":"publish","type":"post","link":"https:\/\/eldiariodesanpedro.com.ar\/sitio\/un-joven-golpeo-a-su-vecina-dejandola-inconsciente\/","title":{"rendered":"Un joven golpeo a su vecina dej\u00e1ndola inconsciente"},"content":{"rendered":"<!-- VideographyWP Plugin Message: Automatic video embedding prevented by plugin options. -->\n\n<p>Este viernes en horas de la madrugada ocurri\u00f3 un grave hecho de violencia de g\u00e9nero donde un joven golpe\u00f3 a una mujer dej\u00e1ndola inconsciente.<\/p>\n\n\n\n<p>El hecho ocurri\u00f3 esta noche de viernes en un domicilio ubicado en calle 31 Bis donde la polic\u00eda se hizo presente para la aprehensi\u00f3n de un ciudadano de 26 a\u00f1os quien minutos antes agredi\u00f3 a una vecina de 30 a\u00f1os ocasion\u00e1ndole un traumatismo de cr\u00e1neo con p\u00e9rdida de conocimiento.<\/p>\n\n\n\n<p>El hecho se dio en el marco de un conflicto vecinal donde tras una discusi\u00f3n el masculino golpe\u00f3 a la mujer.<\/p>\n\n\n\n<p>El joven fue trasladado a la comisar\u00eda local donde permanecer\u00e1 detenido, por su parte la v\u00edctima fue trasladada al nosocomio local donde se determin\u00f3 que sufri\u00f3 lesiones leves&nbsp; sin riesgo de vida.<\/p>\n","protected":false},"excerpt":{"rendered":"<p>Este viernes en horas de la madrugada ocurri\u00f3 un grave hecho de violencia de g\u00e9nero donde un joven golpe\u00f3 a una mujer dej\u00e1ndola inconsciente. El hecho ocurri\u00f3 esta noche de viernes en un domicilio ubicado en calle 31 Bis donde la polic\u00eda se hizo presente para la aprehensi\u00f3n de un ciudadano de 26 a\u00f1os quien [&hellip;]<\/p>\n","protected":false},"author":4,"featured_media":77860,"comment_status":"open","ping_status":"closed","sticky":false,"template":"","format":"standard","meta":{"om_disable_all_campaigns":false,"_jetpack_memberships_contains_paid_content":false,"footnotes":""},"categories":[50,2,103],"tags":[],"class_list":["post-84034","post","type-post","status-publish","format-standard","has-post-thumbnail","hentry","category-destacadas","category-locales","category-policiales-locales"],"aioseo_notices":[],"gutentor_comment":0,"jetpack_featured_media_url":"https:\/\/eldiariodesanpedro.com.ar\/sitio\/wp-content\/uploads\/2020\/07\/000085506.jpg","jetpack_shortlink":"https:\/\/wp.me\/p6RhLt-lRo","jetpack_sharing_enabled":true,"_links":{"self":[{"href":"https:\/\/eldiariodesanpedro.com.ar\/sitio\/wp-json\/wp\/v2\/posts\/84034","targetHints":{"allow":["GET"]}}],"collection":[{"href":"https:\/\/eldiariodesanpedro.com.ar\/sitio\/wp-json\/wp\/v2\/posts"}],"about":[{"href":"https:\/\/eldiariodesanpedro.com.ar\/sitio\/wp-json\/wp\/v2\/types\/post"}],"author":[{"embeddable":true,"href":"https:\/\/eldiariodesanpedro.com.ar\/sitio\/wp-json\/wp\/v2\/users\/4"}],"replies":[{"embeddable":true,"href":"https:\/\/eldiariodesanpedro.com.ar\/sitio\/wp-json\/wp\/v2\/comments?post=84034"}],"version-history":[{"count":1,"href":"https:\/\/eldiariodesanpedro.com.ar\/sitio\/wp-json\/wp\/v2\/posts\/84034\/revisions"}],"predecessor-version":[{"id":84035,"href":"https:\/\/eldiariodesanpedro.com.ar\/sitio\/wp-json\/wp\/v2\/posts\/84034\/revisions\/84035"}],"wp:featuredmedia":[{"embeddable":true,"href":"https:\/\/eldiariodesanpedro.com.ar\/sitio\/wp-json\/wp\/v2\/media\/77860"}],"wp:attachment":[{"href":"https:\/\/eldiariodesanpedro.com.ar\/sitio\/wp-json\/wp\/v2\/media?parent=84034"}],"wp:term":[{"taxonomy":"category","embeddable":true,"href":"https:\/\/eldiariodesanpedro.com.ar\/sitio\/wp-json\/wp\/v2\/categories?post=84034"},{"taxonomy":"post_tag","embeddable":true,"href":"https:\/\/eldiariodesanpedro.com.ar\/sitio\/wp-json\/wp\/v2\/tags?post=84034"}],"curies":[{"name":"wp","href":"https:\/\/api.w.org\/{rel}","templated":true}]}}