{"id":84029,"date":"2020-11-27T11:52:50","date_gmt":"2020-11-27T14:52:50","guid":{"rendered":"https:\/\/eldiariodesanpedro.com.ar\/sitio\/?p=84029"},"modified":"2020-11-27T11:52:54","modified_gmt":"2020-11-27T14:52:54","slug":"se-recuperaron-plantas-robadas-en-un-vivero","status":"publish","type":"post","link":"https:\/\/eldiariodesanpedro.com.ar\/sitio\/se-recuperaron-plantas-robadas-en-un-vivero\/","title":{"rendered":"Se recuperaron plantas robadas en un vivero"},"content":{"rendered":"<!-- VideographyWP Plugin Message: Automatic video embedding prevented by plugin options. -->\n\n<p>En la tarde del personal del Gabinete Criminol\u00f3gico diligenciaron una orden de allanamiento extendido por la Justicia ordinaria en el marco del hurto iniciado el pasado d\u00eda 15 de noviembre en la comisar\u00eda local.&nbsp;<\/p>\n\n\n\n<p>Tras averiguaciones practicadas se logr\u00f3 obtener la orden judicial que fue diligenciada en calle Esqui\u00fa al 250, se logr\u00f3 el secuestro de 200 plantas de diversas variedades (palmeras, Eugenia, agapanthus, plantines frutilla, limones, duraznos, ciruelas, rosas, busus, jazmines,) y macetas, las cuales eran buscadas.&nbsp;<\/p>\n\n\n\n<p>Respecto del morador un masculino de 41 a\u00f1os de edad, fue trasladado a sede policial donde se cumplieron recaudos legales, quedando imputado del delito de encubrimiento con intervenci\u00f3n de la fiscal\u00eda local.&nbsp;<\/p>\n\n\n\n<p>Las plantas fueron restituidas a su propietario, siendo un masculino comerciante del rubro vivero ubicado en Ruta 1001 al 1000 aproximadamente quien en la fecha aludida hab\u00eda denunciado la sustracci\u00f3n de plantas, cuando el comercio estaba cerrado.<\/p>\n\n\n\n<figure class=\"wp-block-image size-large\"><img decoding=\"async\" width=\"523\" height=\"960\" data-attachment-id=\"84023\" data-permalink=\"https:\/\/eldiariodesanpedro.com.ar\/sitio\/se-secuestro-de-escopeta-en-allanamiento-por-un-hecho-de-amenazas\/128134142_384875742616725_547536890795346210_n\/\" data-orig-file=\"https:\/\/eldiariodesanpedro.com.ar\/sitio\/wp-content\/uploads\/2020\/11\/128134142_384875742616725_547536890795346210_n.jpg\" data-orig-size=\"523,960\" data-comments-opened=\"1\" data-image-meta=\"{&quot;aperture&quot;:&quot;0&quot;,&quot;credit&quot;:&quot;&quot;,&quot;camera&quot;:&quot;&quot;,&quot;caption&quot;:&quot;&quot;,&quot;created_timestamp&quot;:&quot;0&quot;,&quot;copyright&quot;:&quot;&quot;,&quot;focal_length&quot;:&quot;0&quot;,&quot;iso&quot;:&quot;0&quot;,&quot;shutter_speed&quot;:&quot;0&quot;,&quot;title&quot;:&quot;&quot;,&quot;orientation&quot;:&quot;0&quot;}\" data-image-title=\"128134142_384875742616725_547536890795346210_n\" data-image-description=\"\" data-image-caption=\"\" data-large-file=\"https:\/\/eldiariodesanpedro.com.ar\/sitio\/wp-content\/uploads\/2020\/11\/128134142_384875742616725_547536890795346210_n.jpg\" data-src=\"https:\/\/eldiariodesanpedro.com.ar\/sitio\/wp-content\/uploads\/2020\/11\/128134142_384875742616725_547536890795346210_n.jpg\" alt=\"\" class=\"wp-image-84023 lazyload\" data-srcset=\"https:\/\/eldiariodesanpedro.com.ar\/sitio\/wp-content\/uploads\/2020\/11\/128134142_384875742616725_547536890795346210_n.jpg 523w, https:\/\/eldiariodesanpedro.com.ar\/sitio\/wp-content\/uploads\/2020\/11\/128134142_384875742616725_547536890795346210_n-163x300.jpg 163w\" data-sizes=\"(max-width: 523px) 100vw, 523px\" src=\"data:image\/svg+xml;base64,PHN2ZyB3aWR0aD0iMSIgaGVpZ2h0PSIxIiB4bWxucz0iaHR0cDovL3d3dy53My5vcmcvMjAwMC9zdmciPjwvc3ZnPg==\" style=\"--smush-placeholder-width: 523px; --smush-placeholder-aspect-ratio: 523\/960;\" \/><\/figure>\n","protected":false},"excerpt":{"rendered":"<p>En la tarde del personal del Gabinete Criminol\u00f3gico diligenciaron una orden de allanamiento extendido por la Justicia ordinaria en el marco del hurto iniciado el pasado d\u00eda 15 de noviembre en la comisar\u00eda local.&nbsp; Tras averiguaciones practicadas se logr\u00f3 obtener la orden judicial que fue diligenciada en calle Esqui\u00fa al 250, se logr\u00f3 el secuestro [&hellip;]<\/p>\n","protected":false},"author":4,"featured_media":84030,"comment_status":"open","ping_status":"closed","sticky":false,"template":"","format":"standard","meta":{"om_disable_all_campaigns":false,"_jetpack_memberships_contains_paid_content":false,"footnotes":""},"categories":[2,103],"tags":[197,33,95,19],"class_list":["post-84029","post","type-post","status-publish","format-standard","has-post-thumbnail","hentry","category-locales","category-policiales-locales","tag-buenos-aires","tag-locales","tag-policiales","tag-san-pedro"],"aioseo_notices":[],"gutentor_comment":0,"jetpack_featured_media_url":"https:\/\/eldiariodesanpedro.com.ar\/sitio\/wp-content\/uploads\/2020\/11\/Sin-titulo-1-12.jpg","jetpack_shortlink":"https:\/\/wp.me\/p6RhLt-lRj","jetpack_sharing_enabled":true,"_links":{"self":[{"href":"https:\/\/eldiariodesanpedro.com.ar\/sitio\/wp-json\/wp\/v2\/posts\/84029","targetHints":{"allow":["GET"]}}],"collection":[{"href":"https:\/\/eldiariodesanpedro.com.ar\/sitio\/wp-json\/wp\/v2\/posts"}],"about":[{"href":"https:\/\/eldiariodesanpedro.com.ar\/sitio\/wp-json\/wp\/v2\/types\/post"}],"author":[{"embeddable":true,"href":"https:\/\/eldiariodesanpedro.com.ar\/sitio\/wp-json\/wp\/v2\/users\/4"}],"replies":[{"embeddable":true,"href":"https:\/\/eldiariodesanpedro.com.ar\/sitio\/wp-json\/wp\/v2\/comments?post=84029"}],"version-history":[{"count":1,"href":"https:\/\/eldiariodesanpedro.com.ar\/sitio\/wp-json\/wp\/v2\/posts\/84029\/revisions"}],"predecessor-version":[{"id":84031,"href":"https:\/\/eldiariodesanpedro.com.ar\/sitio\/wp-json\/wp\/v2\/posts\/84029\/revisions\/84031"}],"wp:featuredmedia":[{"embeddable":true,"href":"https:\/\/eldiariodesanpedro.com.ar\/sitio\/wp-json\/wp\/v2\/media\/84030"}],"wp:attachment":[{"href":"https:\/\/eldiariodesanpedro.com.ar\/sitio\/wp-json\/wp\/v2\/media?parent=84029"}],"wp:term":[{"taxonomy":"category","embeddable":true,"href":"https:\/\/eldiariodesanpedro.com.ar\/sitio\/wp-json\/wp\/v2\/categories?post=84029"},{"taxonomy":"post_tag","embeddable":true,"href":"https:\/\/eldiariodesanpedro.com.ar\/sitio\/wp-json\/wp\/v2\/tags?post=84029"}],"curies":[{"name":"wp","href":"https:\/\/api.w.org\/{rel}","templated":true}]}}