{"id":84021,"date":"2020-11-27T11:22:30","date_gmt":"2020-11-27T14:22:30","guid":{"rendered":"https:\/\/eldiariodesanpedro.com.ar\/sitio\/?p=84021"},"modified":"2020-11-27T11:22:34","modified_gmt":"2020-11-27T14:22:34","slug":"se-secuestro-de-escopeta-en-allanamiento-por-un-hecho-de-amenazas","status":"publish","type":"post","link":"https:\/\/eldiariodesanpedro.com.ar\/sitio\/se-secuestro-de-escopeta-en-allanamiento-por-un-hecho-de-amenazas\/","title":{"rendered":"Se secuestr\u00f3 de escopeta en allanamiento por un hecho de amenazas"},"content":{"rendered":"<!-- VideographyWP Plugin Message: Automatic video embedding prevented by plugin options. -->\n\n<p>Este jueves por la tarde el personal policial del Gabinete Criminol\u00f3gico de la comisar\u00eda llev\u00f3 a cabo el allanamiento de una vivienda debido a una denuncia por amenazas agravadas.<\/p>\n\n\n\n<p>En la tarde de ayer el personal del Gabinete Criminol\u00f3gico diligenci\u00f3 una orden de allanamiento extendido por la Justicia ordinaria en el marco de un hecho de amenazas agravadas iniciadas ayer mismo en la comisar\u00eda local, la diligencia se cumplimento en calle Sargento Selada al 500 donde se aprehende al morador masculino de 25 a\u00f1os de edad, y al secuestro de arma de fuego tipo escopeta de dos ca\u00f1os recortada calibre 16 con dos cartuchos en interior uno calibre 20 y el restante calibre 37 ambos intactos.&nbsp;<\/p>\n\n\n\n<p>El aprehendido permanece alojado en sede policial a disposici\u00f3n de la Fiscal\u00eda en turno local.<\/p>\n\n\n\n<figure class=\"wp-block-image size-large\"><img decoding=\"async\" width=\"960\" height=\"720\" data-attachment-id=\"84024\" data-permalink=\"https:\/\/eldiariodesanpedro.com.ar\/sitio\/se-secuestro-de-escopeta-en-allanamiento-por-un-hecho-de-amenazas\/128280186_369120934153570_5875949632678274276_n\/\" data-orig-file=\"https:\/\/eldiariodesanpedro.com.ar\/sitio\/wp-content\/uploads\/2020\/11\/128280186_369120934153570_5875949632678274276_n.jpg\" data-orig-size=\"960,720\" data-comments-opened=\"1\" data-image-meta=\"{&quot;aperture&quot;:&quot;0&quot;,&quot;credit&quot;:&quot;&quot;,&quot;camera&quot;:&quot;&quot;,&quot;caption&quot;:&quot;&quot;,&quot;created_timestamp&quot;:&quot;0&quot;,&quot;copyright&quot;:&quot;&quot;,&quot;focal_length&quot;:&quot;0&quot;,&quot;iso&quot;:&quot;0&quot;,&quot;shutter_speed&quot;:&quot;0&quot;,&quot;title&quot;:&quot;&quot;,&quot;orientation&quot;:&quot;0&quot;}\" data-image-title=\"128280186_369120934153570_5875949632678274276_n\" data-image-description=\"\" data-image-caption=\"\" data-large-file=\"https:\/\/eldiariodesanpedro.com.ar\/sitio\/wp-content\/uploads\/2020\/11\/128280186_369120934153570_5875949632678274276_n.jpg\" data-src=\"https:\/\/eldiariodesanpedro.com.ar\/sitio\/wp-content\/uploads\/2020\/11\/128280186_369120934153570_5875949632678274276_n.jpg\" alt=\"\" class=\"wp-image-84024 lazyload\" data-srcset=\"https:\/\/eldiariodesanpedro.com.ar\/sitio\/wp-content\/uploads\/2020\/11\/128280186_369120934153570_5875949632678274276_n.jpg 960w, https:\/\/eldiariodesanpedro.com.ar\/sitio\/wp-content\/uploads\/2020\/11\/128280186_369120934153570_5875949632678274276_n-300x225.jpg 300w, https:\/\/eldiariodesanpedro.com.ar\/sitio\/wp-content\/uploads\/2020\/11\/128280186_369120934153570_5875949632678274276_n-768x576.jpg 768w, https:\/\/eldiariodesanpedro.com.ar\/sitio\/wp-content\/uploads\/2020\/11\/128280186_369120934153570_5875949632678274276_n-500x375.jpg 500w\" data-sizes=\"(max-width: 960px) 100vw, 960px\" src=\"data:image\/svg+xml;base64,PHN2ZyB3aWR0aD0iMSIgaGVpZ2h0PSIxIiB4bWxucz0iaHR0cDovL3d3dy53My5vcmcvMjAwMC9zdmciPjwvc3ZnPg==\" style=\"--smush-placeholder-width: 960px; --smush-placeholder-aspect-ratio: 960\/720;\" \/><\/figure>\n","protected":false},"excerpt":{"rendered":"<p>Este jueves por la tarde el personal policial del Gabinete Criminol\u00f3gico de la comisar\u00eda llev\u00f3 a cabo el allanamiento de una vivienda debido a una denuncia por amenazas agravadas. En la tarde de ayer el personal del Gabinete Criminol\u00f3gico diligenci\u00f3 una orden de allanamiento extendido por la Justicia ordinaria en el marco de un hecho [&hellip;]<\/p>\n","protected":false},"author":4,"featured_media":84022,"comment_status":"open","ping_status":"closed","sticky":false,"template":"","format":"standard","meta":{"om_disable_all_campaigns":false,"_jetpack_memberships_contains_paid_content":false,"footnotes":""},"categories":[50,2,103],"tags":[197,33,95,19,1934],"class_list":["post-84021","post","type-post","status-publish","format-standard","has-post-thumbnail","hentry","category-destacadas","category-locales","category-policiales-locales","tag-buenos-aires","tag-locales","tag-policiales","tag-san-pedro","tag-secuestro-de-escopeta-en-allanamiento-por-un-hecho-de-amenazas"],"aioseo_notices":[],"gutentor_comment":0,"jetpack_featured_media_url":"https:\/\/eldiariodesanpedro.com.ar\/sitio\/wp-content\/uploads\/2020\/11\/128183805_1255301204851507_8020343497915449972_n.jpg","jetpack_shortlink":"https:\/\/wp.me\/p6RhLt-lRb","jetpack_sharing_enabled":true,"_links":{"self":[{"href":"https:\/\/eldiariodesanpedro.com.ar\/sitio\/wp-json\/wp\/v2\/posts\/84021","targetHints":{"allow":["GET"]}}],"collection":[{"href":"https:\/\/eldiariodesanpedro.com.ar\/sitio\/wp-json\/wp\/v2\/posts"}],"about":[{"href":"https:\/\/eldiariodesanpedro.com.ar\/sitio\/wp-json\/wp\/v2\/types\/post"}],"author":[{"embeddable":true,"href":"https:\/\/eldiariodesanpedro.com.ar\/sitio\/wp-json\/wp\/v2\/users\/4"}],"replies":[{"embeddable":true,"href":"https:\/\/eldiariodesanpedro.com.ar\/sitio\/wp-json\/wp\/v2\/comments?post=84021"}],"version-history":[{"count":1,"href":"https:\/\/eldiariodesanpedro.com.ar\/sitio\/wp-json\/wp\/v2\/posts\/84021\/revisions"}],"predecessor-version":[{"id":84028,"href":"https:\/\/eldiariodesanpedro.com.ar\/sitio\/wp-json\/wp\/v2\/posts\/84021\/revisions\/84028"}],"wp:featuredmedia":[{"embeddable":true,"href":"https:\/\/eldiariodesanpedro.com.ar\/sitio\/wp-json\/wp\/v2\/media\/84022"}],"wp:attachment":[{"href":"https:\/\/eldiariodesanpedro.com.ar\/sitio\/wp-json\/wp\/v2\/media?parent=84021"}],"wp:term":[{"taxonomy":"category","embeddable":true,"href":"https:\/\/eldiariodesanpedro.com.ar\/sitio\/wp-json\/wp\/v2\/categories?post=84021"},{"taxonomy":"post_tag","embeddable":true,"href":"https:\/\/eldiariodesanpedro.com.ar\/sitio\/wp-json\/wp\/v2\/tags?post=84021"}],"curies":[{"name":"wp","href":"https:\/\/api.w.org\/{rel}","templated":true}]}}