{"id":84018,"date":"2020-11-27T10:20:23","date_gmt":"2020-11-27T13:20:23","guid":{"rendered":"https:\/\/eldiariodesanpedro.com.ar\/sitio\/?p=84018"},"modified":"2020-11-27T10:20:26","modified_gmt":"2020-11-27T13:20:26","slug":"provincia-autorizo-los-actos-de-egreso-para-estudiantes-de-ultimo-ano","status":"publish","type":"post","link":"https:\/\/eldiariodesanpedro.com.ar\/sitio\/provincia-autorizo-los-actos-de-egreso-para-estudiantes-de-ultimo-ano\/","title":{"rendered":"Provincia autoriz\u00f3 los actos de egreso para estudiantes de \u00faltimo a\u00f1o"},"content":{"rendered":"<!-- VideographyWP Plugin Message: Automatic video embedding prevented by plugin options. -->\n\n<p>Esta semana se conoci\u00f3 la noticia de que la Provincia hab\u00eda autorizado los actos de egreso para estudiantes del \u00faltimo a\u00f1o de nivel de ense\u00f1anza en el marco de las pol\u00edticas de cuidado de la salud, prevenci\u00f3n y control de la propagaci\u00f3n de coronavirus. Nuestra ciudad tiene permitido la realizaci\u00f3n del acto de manera presencial al aire libre ya que contamos con un riesgo epidemiol\u00f3gico medio.<\/p>\n\n\n\n<p><br>El acto se organizar\u00e1 para una \u00fanica secci\u00f3n por vez y dentro de lo posible se debe evitar la divisi\u00f3n de secciones. En caso de que tengan m\u00e1s de una secci\u00f3n, los actos deber\u00e1n ser en momentos distintos, preferentemente en d\u00edas diferentes. Como m\u00ednimo, deber\u00e1 existir entre la finalizaci\u00f3n de uno y el comienzo del otro una diferencia de 90 minutos para garantizar que las personas no se aglutinen.<\/p>\n\n\n\n<p><br>Adem\u00e1s, cada egresado podr\u00e1 estar acompa\u00f1ado por un m\u00e1ximo de 2 personas quedando conformado as\u00ed el grupo familiar; estudiante y 2 acompa\u00f1antes. Deber\u00e1 respetarse un m\u00ednimo de 2 metros de distancia entre cada grupo familiar y el m\u00e1ximo de personas permitido es 100.<\/p>\n\n\n\n<p><a href=\"https:\/\/tulineadirecta.com\/author\/tulineadirecta1\/\"><\/a><\/p>\n","protected":false},"excerpt":{"rendered":"<p>Esta semana se conoci\u00f3 la noticia de que la Provincia hab\u00eda autorizado los actos de egreso para estudiantes del \u00faltimo a\u00f1o de nivel de ense\u00f1anza en el marco de las pol\u00edticas de cuidado de la salud, prevenci\u00f3n y control de la propagaci\u00f3n de coronavirus. Nuestra ciudad tiene permitido la realizaci\u00f3n del acto de manera presencial [&hellip;]<\/p>\n","protected":false},"author":4,"featured_media":84019,"comment_status":"open","ping_status":"closed","sticky":false,"template":"","format":"standard","meta":{"om_disable_all_campaigns":false,"_jetpack_memberships_contains_paid_content":false,"footnotes":""},"categories":[101,2],"tags":[197,696,33],"class_list":["post-84018","post","type-post","status-publish","format-standard","has-post-thumbnail","hentry","category-interes-general-locales","category-locales","tag-buenos-aires","tag-interes-general","tag-locales"],"aioseo_notices":[],"gutentor_comment":0,"jetpack_featured_media_url":"https:\/\/eldiariodesanpedro.com.ar\/sitio\/wp-content\/uploads\/2020\/11\/3497534.jpg","jetpack_shortlink":"https:\/\/wp.me\/p6RhLt-lR8","jetpack_sharing_enabled":true,"_links":{"self":[{"href":"https:\/\/eldiariodesanpedro.com.ar\/sitio\/wp-json\/wp\/v2\/posts\/84018","targetHints":{"allow":["GET"]}}],"collection":[{"href":"https:\/\/eldiariodesanpedro.com.ar\/sitio\/wp-json\/wp\/v2\/posts"}],"about":[{"href":"https:\/\/eldiariodesanpedro.com.ar\/sitio\/wp-json\/wp\/v2\/types\/post"}],"author":[{"embeddable":true,"href":"https:\/\/eldiariodesanpedro.com.ar\/sitio\/wp-json\/wp\/v2\/users\/4"}],"replies":[{"embeddable":true,"href":"https:\/\/eldiariodesanpedro.com.ar\/sitio\/wp-json\/wp\/v2\/comments?post=84018"}],"version-history":[{"count":1,"href":"https:\/\/eldiariodesanpedro.com.ar\/sitio\/wp-json\/wp\/v2\/posts\/84018\/revisions"}],"predecessor-version":[{"id":84020,"href":"https:\/\/eldiariodesanpedro.com.ar\/sitio\/wp-json\/wp\/v2\/posts\/84018\/revisions\/84020"}],"wp:featuredmedia":[{"embeddable":true,"href":"https:\/\/eldiariodesanpedro.com.ar\/sitio\/wp-json\/wp\/v2\/media\/84019"}],"wp:attachment":[{"href":"https:\/\/eldiariodesanpedro.com.ar\/sitio\/wp-json\/wp\/v2\/media?parent=84018"}],"wp:term":[{"taxonomy":"category","embeddable":true,"href":"https:\/\/eldiariodesanpedro.com.ar\/sitio\/wp-json\/wp\/v2\/categories?post=84018"},{"taxonomy":"post_tag","embeddable":true,"href":"https:\/\/eldiariodesanpedro.com.ar\/sitio\/wp-json\/wp\/v2\/tags?post=84018"}],"curies":[{"name":"wp","href":"https:\/\/api.w.org\/{rel}","templated":true}]}}