{"id":84016,"date":"2020-11-27T10:13:54","date_gmt":"2020-11-27T13:13:54","guid":{"rendered":"https:\/\/eldiariodesanpedro.com.ar\/sitio\/?p=84016"},"modified":"2020-11-27T10:13:54","modified_gmt":"2020-11-27T13:13:54","slug":"mansa-lyfe-no-abrira-el-complejo-este-verano-2","status":"publish","type":"post","link":"https:\/\/eldiariodesanpedro.com.ar\/sitio\/mansa-lyfe-no-abrira-el-complejo-este-verano-2\/","title":{"rendered":"Mansa Lyfe no abrir\u00e1 el complejo este verano"},"content":{"rendered":"<!-- VideographyWP Plugin Message: Automatic video embedding prevented by plugin options. -->\n\n<p>La Federaci\u00f3n Argentina de Trabajadores de Luz y Fuerza, titular de la concesi\u00f3n del predio MANSA LYFE ha resuelto no habilitar el complejo de San Pedro para la pr\u00f3xima temporada.<\/p>\n\n\n\n<p>La decisi\u00f3n que ha sido tomada a nivel nacional, es comunicada luego de haber evaluado las condiciones generales y priorizando la prevenci\u00f3n de nuestros trabajadores y de todo &nbsp;el p\u00fablico que nos elige habitualmente para disfrutar de cada uno de nuestros espacios.<\/p>\n\n\n\n<p>Creemos oportuno aguardar a que la evoluci\u00f3n de la Pandemia de Covid-19 y la llegada de la vacuna, generen un contexto m\u00e1s favorable para recuperar la normalidad en este tipo de actividades.<\/p>\n","protected":false},"excerpt":{"rendered":"<p>La Federaci\u00f3n Argentina de Trabajadores de Luz y Fuerza, titular de la concesi\u00f3n del predio MANSA LYFE ha resuelto no habilitar el complejo de San Pedro para la pr\u00f3xima temporada. La decisi\u00f3n que ha sido tomada a nivel nacional, es comunicada luego de haber evaluado las condiciones generales y priorizando la prevenci\u00f3n de nuestros trabajadores [&hellip;]<\/p>\n","protected":false},"author":4,"featured_media":84013,"comment_status":"open","ping_status":"closed","sticky":false,"template":"","format":"standard","meta":{"om_disable_all_campaigns":false,"_jetpack_memberships_contains_paid_content":false,"footnotes":""},"categories":[50,101,2],"tags":[],"class_list":["post-84016","post","type-post","status-publish","format-standard","has-post-thumbnail","hentry","category-destacadas","category-interes-general-locales","category-locales"],"aioseo_notices":[],"gutentor_comment":0,"jetpack_featured_media_url":"https:\/\/eldiariodesanpedro.com.ar\/sitio\/wp-content\/uploads\/2020\/11\/87385814_1293636690837814_2104514682046906368_o.jpg","jetpack_shortlink":"https:\/\/wp.me\/p6RhLt-lR6","jetpack_sharing_enabled":true,"_links":{"self":[{"href":"https:\/\/eldiariodesanpedro.com.ar\/sitio\/wp-json\/wp\/v2\/posts\/84016","targetHints":{"allow":["GET"]}}],"collection":[{"href":"https:\/\/eldiariodesanpedro.com.ar\/sitio\/wp-json\/wp\/v2\/posts"}],"about":[{"href":"https:\/\/eldiariodesanpedro.com.ar\/sitio\/wp-json\/wp\/v2\/types\/post"}],"author":[{"embeddable":true,"href":"https:\/\/eldiariodesanpedro.com.ar\/sitio\/wp-json\/wp\/v2\/users\/4"}],"replies":[{"embeddable":true,"href":"https:\/\/eldiariodesanpedro.com.ar\/sitio\/wp-json\/wp\/v2\/comments?post=84016"}],"version-history":[{"count":1,"href":"https:\/\/eldiariodesanpedro.com.ar\/sitio\/wp-json\/wp\/v2\/posts\/84016\/revisions"}],"predecessor-version":[{"id":84017,"href":"https:\/\/eldiariodesanpedro.com.ar\/sitio\/wp-json\/wp\/v2\/posts\/84016\/revisions\/84017"}],"wp:featuredmedia":[{"embeddable":true,"href":"https:\/\/eldiariodesanpedro.com.ar\/sitio\/wp-json\/wp\/v2\/media\/84013"}],"wp:attachment":[{"href":"https:\/\/eldiariodesanpedro.com.ar\/sitio\/wp-json\/wp\/v2\/media?parent=84016"}],"wp:term":[{"taxonomy":"category","embeddable":true,"href":"https:\/\/eldiariodesanpedro.com.ar\/sitio\/wp-json\/wp\/v2\/categories?post=84016"},{"taxonomy":"post_tag","embeddable":true,"href":"https:\/\/eldiariodesanpedro.com.ar\/sitio\/wp-json\/wp\/v2\/tags?post=84016"}],"curies":[{"name":"wp","href":"https:\/\/api.w.org\/{rel}","templated":true}]}}