{"id":84003,"date":"2020-11-26T20:48:07","date_gmt":"2020-11-26T23:48:07","guid":{"rendered":"https:\/\/eldiariodesanpedro.com.ar\/sitio\/?p=84003"},"modified":"2020-11-26T20:48:10","modified_gmt":"2020-11-26T23:48:10","slug":"recuperan-un-antiguo-aparejo-de-uso-nautico","status":"publish","type":"post","link":"https:\/\/eldiariodesanpedro.com.ar\/sitio\/recuperan-un-antiguo-aparejo-de-uso-nautico\/","title":{"rendered":"Recuperan un antiguo aparejo de uso n\u00e1utico"},"content":{"rendered":"<!-- VideographyWP Plugin Message: Automatic video embedding prevented by plugin options. -->\n\n<p>Fue hallado por un pescador en la zona conocida como \u201cVuelta de S\u00e1nchez\u201d.\u00a0<\/p>\n\n\n\n<p><strong>Alejandro Cruz Aguilar<\/strong> es un pescador sampedrino que frecuenta el Paran\u00e1 desde su ni\u00f1ez. Como conocedor de los vaivenes del r\u00edo, sabe que las bajantes suelen mostrar cosas que, en momentos normales, no se pueden observar. En estos d\u00edas en los que el gran r\u00edo atraviesa una marcada bajante, Alejandro caminaba la costa en la zona conocida como \u201c<em>Vuelta de S\u00e1nchez\u201d<\/em>, un meandro ubicado a unos pocos kil\u00f3metros aguas abajo del puerto de San Pedro.<\/p>\n\n\n\n<p>En una zanja utilizada como peque\u00f1o embarcadero, seg\u00fan sus palabras \u201c<em>vi algo raro y me acerqu\u00e9 para ver qu\u00e9 era. Me puse a limpiarlo un poco y me pareci\u00f3 que era un aparejo o roldana de un barco antiguo o velero antiguo<\/em>\u201d.<\/p>\n\n\n\n<p>A los pocos d\u00edas se acerc\u00f3 a la Secretar\u00eda Privada del Municipio y dej\u00f3 el elemento en cuesti\u00f3n para que sea puesto a disposici\u00f3n del Museo Paleontol\u00f3gico.<\/p>\n\n\n\n<p>De inmediato, el Grupo Conservacionista comenz\u00f3 a recabar informaci\u00f3n sobre la pieza en cuesti\u00f3n.<\/p>\n\n\n\n<p>Seg\u00fan apreciaciones del <strong>Comodoro de Marina (RE) Guillermo Simoncini<\/strong>, colaborador t\u00e9cnico del Museo, \u201c<em>esta pieza hallada es una `pasteca`, tambi\u00e9n llamada `cuadernal` (de acuerdo a su tama\u00f1o), de uso muy com\u00fan en embarcaciones de todo tipo, particularmente para el laboreo de la maniobra en veleros (jarcia m\u00f3vil), para arbolar los palos machos (jarcia fija) y\/o tambi\u00e9n en maniobras dise\u00f1adas para la carga y descarga de materiales desde y hacia sus bodegas. Estos `aparejos`\u00a0 (b\u00e1sicamente como una polea) son derivadores de fuerzas que facilitan el manejo de cargas o esfuerzos pesados en una embarcaci\u00f3n.<\/em><\/p>\n\n\n\n<p><em>En general est\u00e1n construidos a partir por un bloque de madera de secci\u00f3n el\u00edptica con sus bases algo bombeadas y presentan ranuras labradas que lo atraviesan, en las que hay unos&nbsp;<\/em><a href=\"https:\/\/es.wikipedia.org\/wiki\/Perno\"><em>pernos<\/em><\/a><em>(ejes independientes) sobre los que giran una o m\u00e1s&nbsp;<\/em><a href=\"https:\/\/es.wiktionary.org\/wiki\/roldana\"><em>roldanas<\/em><\/a><em>, alrededor de las cuales pasan cabos (cuerdas).<\/em><\/p>\n\n\n\n<p><em>Al cuadernal o pasteca de un \u00fanico ojo (para un \u00fanico cabo), como es esta pieza, tambi\u00e9n se la llama `<\/em><a href=\"https:\/\/es.wikipedia.org\/wiki\/Mot%C3%B3n\"><em>mot\u00f3n<\/em><\/a><em>`<\/em>.\u201d<\/p>\n\n\n\n<p><strong>El aspecto general del objeto permite suponer que haya sido construido en la primera mitad del siglo pasado.<\/strong><\/p>\n","protected":false},"excerpt":{"rendered":"<p>Fue hallado por un pescador en la zona conocida como \u201cVuelta de S\u00e1nchez\u201d.\u00a0 Alejandro Cruz Aguilar es un pescador sampedrino que frecuenta el Paran\u00e1 desde su ni\u00f1ez. Como conocedor de los vaivenes del r\u00edo, sabe que las bajantes suelen mostrar cosas que, en momentos normales, no se pueden observar. En estos d\u00edas en los que [&hellip;]<\/p>\n","protected":false},"author":4,"featured_media":84004,"comment_status":"open","ping_status":"closed","sticky":false,"template":"","format":"standard","meta":{"om_disable_all_campaigns":false,"_jetpack_memberships_contains_paid_content":false,"footnotes":""},"categories":[50,101,2],"tags":[],"class_list":["post-84003","post","type-post","status-publish","format-standard","has-post-thumbnail","hentry","category-destacadas","category-interes-general-locales","category-locales"],"aioseo_notices":[],"gutentor_comment":0,"jetpack_featured_media_url":"https:\/\/eldiariodesanpedro.com.ar\/sitio\/wp-content\/uploads\/2020\/11\/IMG_20201015_220504_303-scaled.jpg","jetpack_shortlink":"https:\/\/wp.me\/p6RhLt-lQT","jetpack_sharing_enabled":true,"_links":{"self":[{"href":"https:\/\/eldiariodesanpedro.com.ar\/sitio\/wp-json\/wp\/v2\/posts\/84003","targetHints":{"allow":["GET"]}}],"collection":[{"href":"https:\/\/eldiariodesanpedro.com.ar\/sitio\/wp-json\/wp\/v2\/posts"}],"about":[{"href":"https:\/\/eldiariodesanpedro.com.ar\/sitio\/wp-json\/wp\/v2\/types\/post"}],"author":[{"embeddable":true,"href":"https:\/\/eldiariodesanpedro.com.ar\/sitio\/wp-json\/wp\/v2\/users\/4"}],"replies":[{"embeddable":true,"href":"https:\/\/eldiariodesanpedro.com.ar\/sitio\/wp-json\/wp\/v2\/comments?post=84003"}],"version-history":[{"count":1,"href":"https:\/\/eldiariodesanpedro.com.ar\/sitio\/wp-json\/wp\/v2\/posts\/84003\/revisions"}],"predecessor-version":[{"id":84005,"href":"https:\/\/eldiariodesanpedro.com.ar\/sitio\/wp-json\/wp\/v2\/posts\/84003\/revisions\/84005"}],"wp:featuredmedia":[{"embeddable":true,"href":"https:\/\/eldiariodesanpedro.com.ar\/sitio\/wp-json\/wp\/v2\/media\/84004"}],"wp:attachment":[{"href":"https:\/\/eldiariodesanpedro.com.ar\/sitio\/wp-json\/wp\/v2\/media?parent=84003"}],"wp:term":[{"taxonomy":"category","embeddable":true,"href":"https:\/\/eldiariodesanpedro.com.ar\/sitio\/wp-json\/wp\/v2\/categories?post=84003"},{"taxonomy":"post_tag","embeddable":true,"href":"https:\/\/eldiariodesanpedro.com.ar\/sitio\/wp-json\/wp\/v2\/tags?post=84003"}],"curies":[{"name":"wp","href":"https:\/\/api.w.org\/{rel}","templated":true}]}}