{"id":84000,"date":"2020-11-26T11:13:30","date_gmt":"2020-11-26T14:13:30","guid":{"rendered":"https:\/\/eldiariodesanpedro.com.ar\/sitio\/?p=84000"},"modified":"2020-11-26T11:13:34","modified_gmt":"2020-11-26T14:13:34","slug":"sampedrino-es-el-primer-argentino-en-pisar-el-estadio-azteca-tras-la-muerta-de-diego-maradona","status":"publish","type":"post","link":"https:\/\/eldiariodesanpedro.com.ar\/sitio\/sampedrino-es-el-primer-argentino-en-pisar-el-estadio-azteca-tras-la-muerta-de-diego-maradona\/","title":{"rendered":"Sampedrino es el primer argentino en pisar el Estadio Azteca tras la muerta de Diego Maradona"},"content":{"rendered":"<!-- VideographyWP Plugin Message: Automatic video embedding prevented by plugin options. -->\n\n<p>Francisco, el primer hincha argentino que rompi\u00f3 la soledad de la explanada del Coloso de Santa \u00darsula, despide al \u00eddolo.<\/p>\n\n\n\n<p>Muri\u00f3\u00a0<strong>Diego Armando Maradona<\/strong>. Lo confirm\u00f3 la Asociaci\u00f3n de F\u00fatbol de Argentina (AFA). Fue este mi\u00e9rcoles por la ma\u00f1ana. Ten\u00eda 60 a\u00f1os. \u201cLos dioses no se jubilan, por muy humanos que sean. Nunca pudo regresar a la an\u00f3nima multitud de donde ven\u00eda\u201d, as\u00ed lo retrat\u00f3 el pensador uruguayo\u00a0<strong>Eduardo Galeano<\/strong>. Enseguida la noticia comenz\u00f3 a viralizarse y enlut\u00f3 al mundo futbol\u00edstico.<\/p>\n\n\n\n<p>El reloj marcaba las 11:30 de la ma\u00f1ana y la explanada del Estadio Azteca luc\u00eda vac\u00eda en medio de una pandemia por COVID-19. El escenario que vio campe\u00f3n a Maradona aquella tarde de 1986 recib\u00eda con tristeza su muerte.<\/p>\n\n\n\n<p>Palabras de reconocimiento, pies cansados y miradas al cielo.\u00a0<strong>Francisco<\/strong>, un hombre originario de Buenos Aires, Argentina, coloca a las afueras del Coloso de Santa \u00darsula un jersey de Boca Juniors con el n\u00famero 10 en la espalda. \u00c9l se conmueve y le toma una foto para el recuerdo.\u00a0<strong>\u201cAqu\u00ed es d\u00f3nde empez\u00f3 todo, d\u00f3nde Diego se coron\u00f3 campe\u00f3n del mundo\u201d<\/strong>, dice con una sonrisa en el rostro.<\/p>\n\n\n\n<p>A pesar de que Francisco vive en la colonia Condesa, en el centro de la capital mexicana, no le import\u00f3 recorrer cientos de kil\u00f3metros para despedir al \u00faltimo \u00eddolo argentino en un de los recintos m\u00e1s grandes del f\u00fatbol.<\/p>\n\n\n\n<p><strong>\u201cLa muerte de Maradona no deja de ser fuerte, pero ya est\u00e1bamos preparados para esto. Diego no estaba bien de salud y ahora espero que lo dejen de molestar y que descanse en paz\u201d<\/strong>, replica el hincha argentino.<\/p>\n\n\n\n<p>Francisco se sincera y se\u00f1ala que nunca vio jugar a Maradona, pero gracias a su padre, a trav\u00e9s de los VHS, pudo observar las gambetas del astro.<\/p>\n\n\n\n<p><strong>\u201cMaradona tambi\u00e9n provoca uni\u00f3n, ya que gracias a \u00e9l viv\u00ed muchos momentos hermosos con mi viejo. Yo le voy a Boca y \u00e9l a River pero Diego siempre nos un\u00eda en la mesa\u201d,<\/strong> comenta Francisco.<\/p>\n\n\n\n<p>Respecto al origen de la leyenda, Francisco reconoce que Maradona le dio muchas ense\u00f1anzas al pueblo argentino, pues les demostr\u00f3 que \u201cse puede salir del barro y levantar una Copa del Mundo\u201d.<\/p>\n\n\n\n<p>En contraste, Francisco se\u00f1ala que Maradona tambi\u00e9n vivi\u00f3 momentos complejos y a que \u201cla coca\u00edna no te regala momentos muy buenos\u201d. \u201cTodos cometemos errores, pero Maradona es mucho, no solamente hay uno, somos muchos Maradona\u201d. Francisco describe el juego de Diego Armando como <strong>\u201csiempre pa\u2019 delante, siempre ofensivo y buscando el gol\u201d.<\/strong><\/p>\n\n\n\n<p>Pese a las cr\u00edticas que recibi\u00f3 el Diego por la denominada \u201cMano de Dios\u201d ante Inglaterra, Francisco lo celebra y asegura que \u201cMaradona ense\u00f1\u00f3 que hacer trampa contra algunos tramposos que te roban cosas m\u00e1s grandes a veces es necesario\u201d.<\/p>\n\n\n\n<p><strong>\u201cLa vida se trata de eso, siempre para adelante con tu villa o hinchada, con todos los problemas que hayas que tener y siempre futboleros\u201d,<\/strong>&nbsp;a\u00f1ade.<\/p>\n\n\n\n<p>Para Francisco describir a Maradona no es sencillo, pero explica que lo recordar\u00e1 como \u201cun ejemplo de cosas buenas y cosas malas, ojal\u00e1 ya lo dejen descansar y que ya no se juzgado por su manera de ser y ver el mundo\u201d.<\/p>\n\n\n\n<p>El \u201cPelusa\u201d siempre fue un hombre medi\u00e1tico y su influencia traspas\u00f3 las canchas. \u201cSiempre dijo lo que pens\u00f3 y nunca se qued\u00f3 callado, defend\u00eda a los de abajo y se mostr\u00f3 incendiario contra las autoridades grandes como la FIFA\u201d, declara Francisco.<\/p>\n\n\n\n<p><strong>\u201cMaradona sab\u00eda el impacto que ten\u00eda en la opini\u00f3n p\u00fablica y asum\u00eda esa responsabilidad, no como los jugadores de ahora que siempre tratan de zafarse de los temas espinosos\u201d,&nbsp;<\/strong>concluye el hombre de Buenos Aires.<\/p>\n\n\n\n<p>El reloj marcan las 14:00 horas y Francisco se espera en la explanada para ver si llegan m\u00e1s hinchas. El dolor es grande, pero el gusto de recordarlo en el Azteca es mayor. Una corona de flores reposa en las puertas del Estadio Azteca. El \u00faltimo astro argentino se ha ido, pero su legado vivir\u00e1 por siempre. La noche en el Coloso de Santa \u00darsula ser\u00e1 larga.<\/p>\n\n\n\n<p>Fuente: <a href=\"https:\/\/www.infobae.com\/america\/deportes\/2020\/11\/25\/se-puede-salir-del-barro-y-levantar-una-copa-del-mundo-adios-a-maradona-en-el-estadio-azteca-el-templo-donde-se-consagro\/\">Infobae<\/a><\/p>\n","protected":false},"excerpt":{"rendered":"<p>Francisco, el primer hincha argentino que rompi\u00f3 la soledad de la explanada del Coloso de Santa \u00darsula, despide al \u00eddolo. Muri\u00f3\u00a0Diego Armando Maradona. Lo confirm\u00f3 la Asociaci\u00f3n de F\u00fatbol de Argentina (AFA). Fue este mi\u00e9rcoles por la ma\u00f1ana. Ten\u00eda 60 a\u00f1os. \u201cLos dioses no se jubilan, por muy humanos que sean. Nunca pudo regresar a [&hellip;]<\/p>\n","protected":false},"author":4,"featured_media":84001,"comment_status":"open","ping_status":"closed","sticky":false,"template":"","format":"standard","meta":{"om_disable_all_campaigns":false,"_jetpack_memberships_contains_paid_content":false,"footnotes":""},"categories":[101,2],"tags":[197,696,33],"class_list":["post-84000","post","type-post","status-publish","format-standard","has-post-thumbnail","hentry","category-interes-general-locales","category-locales","tag-buenos-aires","tag-interes-general","tag-locales"],"aioseo_notices":[],"gutentor_comment":0,"jetpack_featured_media_url":"https:\/\/eldiariodesanpedro.com.ar\/sitio\/wp-content\/uploads\/2020\/11\/LT5K5HNKSZFSXPZ4CP2GCTPPJY.jpg","jetpack_shortlink":"https:\/\/wp.me\/p6RhLt-lQQ","jetpack_sharing_enabled":true,"_links":{"self":[{"href":"https:\/\/eldiariodesanpedro.com.ar\/sitio\/wp-json\/wp\/v2\/posts\/84000","targetHints":{"allow":["GET"]}}],"collection":[{"href":"https:\/\/eldiariodesanpedro.com.ar\/sitio\/wp-json\/wp\/v2\/posts"}],"about":[{"href":"https:\/\/eldiariodesanpedro.com.ar\/sitio\/wp-json\/wp\/v2\/types\/post"}],"author":[{"embeddable":true,"href":"https:\/\/eldiariodesanpedro.com.ar\/sitio\/wp-json\/wp\/v2\/users\/4"}],"replies":[{"embeddable":true,"href":"https:\/\/eldiariodesanpedro.com.ar\/sitio\/wp-json\/wp\/v2\/comments?post=84000"}],"version-history":[{"count":1,"href":"https:\/\/eldiariodesanpedro.com.ar\/sitio\/wp-json\/wp\/v2\/posts\/84000\/revisions"}],"predecessor-version":[{"id":84002,"href":"https:\/\/eldiariodesanpedro.com.ar\/sitio\/wp-json\/wp\/v2\/posts\/84000\/revisions\/84002"}],"wp:featuredmedia":[{"embeddable":true,"href":"https:\/\/eldiariodesanpedro.com.ar\/sitio\/wp-json\/wp\/v2\/media\/84001"}],"wp:attachment":[{"href":"https:\/\/eldiariodesanpedro.com.ar\/sitio\/wp-json\/wp\/v2\/media?parent=84000"}],"wp:term":[{"taxonomy":"category","embeddable":true,"href":"https:\/\/eldiariodesanpedro.com.ar\/sitio\/wp-json\/wp\/v2\/categories?post=84000"},{"taxonomy":"post_tag","embeddable":true,"href":"https:\/\/eldiariodesanpedro.com.ar\/sitio\/wp-json\/wp\/v2\/tags?post=84000"}],"curies":[{"name":"wp","href":"https:\/\/api.w.org\/{rel}","templated":true}]}}