{"id":83996,"date":"2020-11-26T10:50:36","date_gmt":"2020-11-26T13:50:36","guid":{"rendered":"https:\/\/eldiariodesanpedro.com.ar\/sitio\/?p=83996"},"modified":"2020-11-26T10:50:40","modified_gmt":"2020-11-26T13:50:40","slug":"denuncia-por-danos-en-una-iglesia-de-pueblo-doyle","status":"publish","type":"post","link":"https:\/\/eldiariodesanpedro.com.ar\/sitio\/denuncia-por-danos-en-una-iglesia-de-pueblo-doyle\/","title":{"rendered":"Denuncia por da\u00f1os en una iglesia de Pueblo Doyle"},"content":{"rendered":"<!-- VideographyWP Plugin Message: Automatic video embedding prevented by plugin options. -->\n\n<p>En la jornada de ayer mi\u00e9rcoles se realiz\u00f3 una denuncia por da\u00f1os ocasionados en vidrios de la iglesia de la localidad.<\/p>\n\n\n\n<p>Una mujer de 82 a\u00f1os de edad realiz\u00f3 una denuncia en el destacamento de Santa Luc\u00eda donde declara que en el d\u00eda 25 se hace presente en la iglesia de Pueblo Doyle constata que autores ignorados hab\u00edan provocado da\u00f1o en un vidrio lateral de la iglesia ubicada en calle Islas Malvinas y Presidente Peron.<\/p>\n\n\n\n<p>Se pudo comprobar que no hay faltantes, desconoce la fecha del hecho, siendo la \u00faltima vez en el lugar el d\u00eda 24 del corriente mes y a\u00f1o.\u00a0<\/p>\n","protected":false},"excerpt":{"rendered":"<p>En la jornada de ayer mi\u00e9rcoles se realiz\u00f3 una denuncia por da\u00f1os ocasionados en vidrios de la iglesia de la localidad. Una mujer de 82 a\u00f1os de edad realiz\u00f3 una denuncia en el destacamento de Santa Luc\u00eda donde declara que en el d\u00eda 25 se hace presente en la iglesia de Pueblo Doyle constata que [&hellip;]<\/p>\n","protected":false},"author":4,"featured_media":67820,"comment_status":"open","ping_status":"closed","sticky":false,"template":"","format":"standard","meta":{"om_disable_all_campaigns":false,"_jetpack_memberships_contains_paid_content":false,"footnotes":""},"categories":[2,103],"tags":[197,33,95],"class_list":["post-83996","post","type-post","status-publish","format-standard","has-post-thumbnail","hentry","category-locales","category-policiales-locales","tag-buenos-aires","tag-locales","tag-policiales"],"aioseo_notices":[],"gutentor_comment":0,"jetpack_featured_media_url":"https:\/\/eldiariodesanpedro.com.ar\/sitio\/wp-content\/uploads\/2020\/01\/patrulla-rural_3.jpg","jetpack_shortlink":"https:\/\/wp.me\/p6RhLt-lQM","jetpack_sharing_enabled":true,"_links":{"self":[{"href":"https:\/\/eldiariodesanpedro.com.ar\/sitio\/wp-json\/wp\/v2\/posts\/83996","targetHints":{"allow":["GET"]}}],"collection":[{"href":"https:\/\/eldiariodesanpedro.com.ar\/sitio\/wp-json\/wp\/v2\/posts"}],"about":[{"href":"https:\/\/eldiariodesanpedro.com.ar\/sitio\/wp-json\/wp\/v2\/types\/post"}],"author":[{"embeddable":true,"href":"https:\/\/eldiariodesanpedro.com.ar\/sitio\/wp-json\/wp\/v2\/users\/4"}],"replies":[{"embeddable":true,"href":"https:\/\/eldiariodesanpedro.com.ar\/sitio\/wp-json\/wp\/v2\/comments?post=83996"}],"version-history":[{"count":1,"href":"https:\/\/eldiariodesanpedro.com.ar\/sitio\/wp-json\/wp\/v2\/posts\/83996\/revisions"}],"predecessor-version":[{"id":83997,"href":"https:\/\/eldiariodesanpedro.com.ar\/sitio\/wp-json\/wp\/v2\/posts\/83996\/revisions\/83997"}],"wp:featuredmedia":[{"embeddable":true,"href":"https:\/\/eldiariodesanpedro.com.ar\/sitio\/wp-json\/wp\/v2\/media\/67820"}],"wp:attachment":[{"href":"https:\/\/eldiariodesanpedro.com.ar\/sitio\/wp-json\/wp\/v2\/media?parent=83996"}],"wp:term":[{"taxonomy":"category","embeddable":true,"href":"https:\/\/eldiariodesanpedro.com.ar\/sitio\/wp-json\/wp\/v2\/categories?post=83996"},{"taxonomy":"post_tag","embeddable":true,"href":"https:\/\/eldiariodesanpedro.com.ar\/sitio\/wp-json\/wp\/v2\/tags?post=83996"}],"curies":[{"name":"wp","href":"https:\/\/api.w.org\/{rel}","templated":true}]}}