{"id":83992,"date":"2020-11-26T10:36:12","date_gmt":"2020-11-26T13:36:12","guid":{"rendered":"https:\/\/eldiariodesanpedro.com.ar\/sitio\/?p=83992"},"modified":"2020-11-26T10:36:17","modified_gmt":"2020-11-26T13:36:17","slug":"denuncia-en-santa-lucia-por-una-persona-que-le-rompieron-el-candado-de-ingreso-de-una-tranquera","status":"publish","type":"post","link":"https:\/\/eldiariodesanpedro.com.ar\/sitio\/denuncia-en-santa-lucia-por-una-persona-que-le-rompieron-el-candado-de-ingreso-de-una-tranquera\/","title":{"rendered":"Denuncia en Santa Lucia por una persona que le rompieron el candado de ingreso de una tranquera"},"content":{"rendered":"<!-- VideographyWP Plugin Message: Automatic video embedding prevented by plugin options. -->\n\n<p>En la jornada de mi\u00e9rcoles un ciudadano de 65 a\u00f1os de edad denunci\u00f3 ante las autoridades que autores ignorados forzaron la tranquera de ingreso.<\/p>\n\n\n\n<p>Este mi\u00e9rcoles en horas de la noche un ciudadano se acerc\u00f3 hasta el destacamento de Santa Luc\u00eda para realizar una denuncia donde declara que el pasado 22 de noviembre en una vivienda de su propiedad ubicada en un domicilio de Ingeniero Moneta autores ignorados forzaron candado de seguridad que se encuentra asegurando la tranquera de ingreso. <\/p>\n\n\n\n<p>A preguntas refiere desconocer la fecha del hecho, siendo la \u00faltima vez en el lugar fue d\u00edas atr\u00e1s a la constataci\u00f3n.<\/p>\n","protected":false},"excerpt":{"rendered":"<p>En la jornada de mi\u00e9rcoles un ciudadano de 65 a\u00f1os de edad denunci\u00f3 ante las autoridades que autores ignorados forzaron la tranquera de ingreso. Este mi\u00e9rcoles en horas de la noche un ciudadano se acerc\u00f3 hasta el destacamento de Santa Luc\u00eda para realizar una denuncia donde declara que el pasado 22 de noviembre en una [&hellip;]<\/p>\n","protected":false},"author":4,"featured_media":77910,"comment_status":"open","ping_status":"closed","sticky":false,"template":"","format":"standard","meta":{"om_disable_all_campaigns":false,"_jetpack_memberships_contains_paid_content":false,"footnotes":""},"categories":[2,103],"tags":[197,33,95,19],"class_list":["post-83992","post","type-post","status-publish","format-standard","has-post-thumbnail","hentry","category-locales","category-policiales-locales","tag-buenos-aires","tag-locales","tag-policiales","tag-san-pedro"],"aioseo_notices":[],"gutentor_comment":0,"jetpack_featured_media_url":"https:\/\/eldiariodesanpedro.com.ar\/sitio\/wp-content\/uploads\/2020\/07\/no_ssowqejple3k931nop1c56465t83uu31kc3o1tm219bh1_1_.jpg","jetpack_shortlink":"https:\/\/wp.me\/p6RhLt-lQI","jetpack_sharing_enabled":true,"_links":{"self":[{"href":"https:\/\/eldiariodesanpedro.com.ar\/sitio\/wp-json\/wp\/v2\/posts\/83992","targetHints":{"allow":["GET"]}}],"collection":[{"href":"https:\/\/eldiariodesanpedro.com.ar\/sitio\/wp-json\/wp\/v2\/posts"}],"about":[{"href":"https:\/\/eldiariodesanpedro.com.ar\/sitio\/wp-json\/wp\/v2\/types\/post"}],"author":[{"embeddable":true,"href":"https:\/\/eldiariodesanpedro.com.ar\/sitio\/wp-json\/wp\/v2\/users\/4"}],"replies":[{"embeddable":true,"href":"https:\/\/eldiariodesanpedro.com.ar\/sitio\/wp-json\/wp\/v2\/comments?post=83992"}],"version-history":[{"count":1,"href":"https:\/\/eldiariodesanpedro.com.ar\/sitio\/wp-json\/wp\/v2\/posts\/83992\/revisions"}],"predecessor-version":[{"id":83993,"href":"https:\/\/eldiariodesanpedro.com.ar\/sitio\/wp-json\/wp\/v2\/posts\/83992\/revisions\/83993"}],"wp:featuredmedia":[{"embeddable":true,"href":"https:\/\/eldiariodesanpedro.com.ar\/sitio\/wp-json\/wp\/v2\/media\/77910"}],"wp:attachment":[{"href":"https:\/\/eldiariodesanpedro.com.ar\/sitio\/wp-json\/wp\/v2\/media?parent=83992"}],"wp:term":[{"taxonomy":"category","embeddable":true,"href":"https:\/\/eldiariodesanpedro.com.ar\/sitio\/wp-json\/wp\/v2\/categories?post=83992"},{"taxonomy":"post_tag","embeddable":true,"href":"https:\/\/eldiariodesanpedro.com.ar\/sitio\/wp-json\/wp\/v2\/tags?post=83992"}],"curies":[{"name":"wp","href":"https:\/\/api.w.org\/{rel}","templated":true}]}}