{"id":83988,"date":"2020-11-26T10:20:23","date_gmt":"2020-11-26T13:20:23","guid":{"rendered":"https:\/\/eldiariodesanpedro.com.ar\/sitio\/?p=83988"},"modified":"2020-11-26T10:20:28","modified_gmt":"2020-11-26T13:20:28","slug":"dos-aprehendidos-por-pedido-de-captura-activo-2","status":"publish","type":"post","link":"https:\/\/eldiariodesanpedro.com.ar\/sitio\/dos-aprehendidos-por-pedido-de-captura-activo-2\/","title":{"rendered":"Dos aprehendidos por pedido de captura activo"},"content":{"rendered":"<!-- VideographyWP Plugin Message: Automatic video embedding prevented by plugin options. -->\n\n<p>El d\u00eda de ayer, personal policial de la comisar\u00eda en constantes operativos din\u00e1micos, detuvo a dos personas mayores de edad, quienes registran pedido de captura activo.&nbsp;<\/p>\n\n\n\n<p>Uno se dio en Lucio Mansilla 3500 donde un ciudadano de 32 a\u00f1os oriundo de la localidad de Avellaneda, Bs As registra pedido captura&nbsp; activa a\u00f1o 2011 S\/ robo a requerimiento de la justicia de Avellaneda, por lo que se cumplieron recaudos legales y posterior libertad.&nbsp;<\/p>\n\n\n\n<p>El otro se dio en calle Irlanda al 250 un ciudadano de 20 a\u00f1os,&nbsp; quien registraba pedido a requerimiento de la justicia de San Nicol\u00e1s en causa de amenazas desde el a\u00f1o 2019.&nbsp;<\/p>\n\n\n\n<p>En este \u00faltimo caso se cumplieron recaudos legales.<\/p>\n","protected":false},"excerpt":{"rendered":"<p>El d\u00eda de ayer, personal policial de la comisar\u00eda en constantes operativos din\u00e1micos, detuvo a dos personas mayores de edad, quienes registran pedido de captura activo.&nbsp; Uno se dio en Lucio Mansilla 3500 donde un ciudadano de 32 a\u00f1os oriundo de la localidad de Avellaneda, Bs As registra pedido captura&nbsp; activa a\u00f1o 2011 S\/ robo [&hellip;]<\/p>\n","protected":false},"author":4,"featured_media":80172,"comment_status":"open","ping_status":"closed","sticky":false,"template":"","format":"standard","meta":{"om_disable_all_campaigns":false,"_jetpack_memberships_contains_paid_content":false,"footnotes":""},"categories":[2,103],"tags":[197,33,95],"class_list":["post-83988","post","type-post","status-publish","format-standard","has-post-thumbnail","hentry","category-locales","category-policiales-locales","tag-buenos-aires","tag-locales","tag-policiales"],"aioseo_notices":[],"gutentor_comment":0,"jetpack_featured_media_url":"https:\/\/eldiariodesanpedro.com.ar\/sitio\/wp-content\/uploads\/2020\/08\/lvp.lvp_.img_nv000592.jpg","jetpack_shortlink":"https:\/\/wp.me\/p6RhLt-lQE","jetpack_sharing_enabled":true,"_links":{"self":[{"href":"https:\/\/eldiariodesanpedro.com.ar\/sitio\/wp-json\/wp\/v2\/posts\/83988","targetHints":{"allow":["GET"]}}],"collection":[{"href":"https:\/\/eldiariodesanpedro.com.ar\/sitio\/wp-json\/wp\/v2\/posts"}],"about":[{"href":"https:\/\/eldiariodesanpedro.com.ar\/sitio\/wp-json\/wp\/v2\/types\/post"}],"author":[{"embeddable":true,"href":"https:\/\/eldiariodesanpedro.com.ar\/sitio\/wp-json\/wp\/v2\/users\/4"}],"replies":[{"embeddable":true,"href":"https:\/\/eldiariodesanpedro.com.ar\/sitio\/wp-json\/wp\/v2\/comments?post=83988"}],"version-history":[{"count":1,"href":"https:\/\/eldiariodesanpedro.com.ar\/sitio\/wp-json\/wp\/v2\/posts\/83988\/revisions"}],"predecessor-version":[{"id":83989,"href":"https:\/\/eldiariodesanpedro.com.ar\/sitio\/wp-json\/wp\/v2\/posts\/83988\/revisions\/83989"}],"wp:featuredmedia":[{"embeddable":true,"href":"https:\/\/eldiariodesanpedro.com.ar\/sitio\/wp-json\/wp\/v2\/media\/80172"}],"wp:attachment":[{"href":"https:\/\/eldiariodesanpedro.com.ar\/sitio\/wp-json\/wp\/v2\/media?parent=83988"}],"wp:term":[{"taxonomy":"category","embeddable":true,"href":"https:\/\/eldiariodesanpedro.com.ar\/sitio\/wp-json\/wp\/v2\/categories?post=83988"},{"taxonomy":"post_tag","embeddable":true,"href":"https:\/\/eldiariodesanpedro.com.ar\/sitio\/wp-json\/wp\/v2\/tags?post=83988"}],"curies":[{"name":"wp","href":"https:\/\/api.w.org\/{rel}","templated":true}]}}