{"id":83983,"date":"2020-11-26T09:51:51","date_gmt":"2020-11-26T12:51:51","guid":{"rendered":"https:\/\/eldiariodesanpedro.com.ar\/sitio\/?p=83983"},"modified":"2020-11-26T09:51:55","modified_gmt":"2020-11-26T12:51:55","slug":"en-san-pedro-tambien-se-le-rindio-homenaje-a-maradona","status":"publish","type":"post","link":"https:\/\/eldiariodesanpedro.com.ar\/sitio\/en-san-pedro-tambien-se-le-rindio-homenaje-a-maradona\/","title":{"rendered":"En San Pedro tambi\u00e9n se le rindi\u00f3 homenaje a Maradona"},"content":{"rendered":"<!-- VideographyWP Plugin Message: Automatic video embedding prevented by plugin options. -->\n\n<p>Como sucedi\u00f3 en los principales escenarios del pa\u00eds en la cancha de Paran\u00e1 FC tambi\u00e9n se encendieron las luces a las 22 horas en homenaje al gran \u00eddolo fallecido.<\/p>\n\n\n\n<p>La conmoci\u00f3n generada por la muerte de Diego Armando Maradona\u00a0provoc\u00f3 que en distintos rincones del mundo se le rinda homenaje.<\/p>\n\n\n\n<p>En la Argentina, a las 22 horas en punto, las principales canchas del pa\u00eds encendieron sus luces a modo de reconocimiento a quien sin dudas fue el mejor jugador de todos los tiempos.<\/p>\n\n\n\n<p>En San Pedro, Paran\u00e1 FC, decidi\u00f3 sumarse a ese homenaje y a la hora indicada se encendieron las luces del complejo Jorge Delfor Su\u00e1rez para brillar a la par de quien ilumin\u00f3 al f\u00fatbol mundial a lo largo de toda su vida. &nbsp;<\/p>\n\n\n\n<p>Diego Maradona falleci\u00f3 este mi\u00e9rcoles tras haber sufrido un paro card\u00edaco mientras permanec\u00eda en su casa.\u00a0<\/p>\n\n\n\n<p>Fuente: <a href=\"https:\/\/www.sanpedroinforma.com.ar\/nota\/123831\/sociedad\/en-san-pedro-tambien-se-le-rindio-homenaje-a-maradona.html\">San Pedro Informa<\/a><\/p>\n","protected":false},"excerpt":{"rendered":"<p>Como sucedi\u00f3 en los principales escenarios del pa\u00eds en la cancha de Paran\u00e1 FC tambi\u00e9n se encendieron las luces a las 22 horas en homenaje al gran \u00eddolo fallecido. La conmoci\u00f3n generada por la muerte de Diego Armando Maradona\u00a0provoc\u00f3 que en distintos rincones del mundo se le rinda homenaje. En la Argentina, a las 22 [&hellip;]<\/p>\n","protected":false},"author":4,"featured_media":83984,"comment_status":"open","ping_status":"closed","sticky":false,"template":"","format":"standard","meta":{"om_disable_all_campaigns":false,"_jetpack_memberships_contains_paid_content":false,"footnotes":""},"categories":[50,101,2],"tags":[],"class_list":["post-83983","post","type-post","status-publish","format-standard","has-post-thumbnail","hentry","category-destacadas","category-interes-general-locales","category-locales"],"aioseo_notices":[],"gutentor_comment":0,"jetpack_featured_media_url":"https:\/\/eldiariodesanpedro.com.ar\/sitio\/wp-content\/uploads\/2020\/11\/000088498.jpg","jetpack_shortlink":"https:\/\/wp.me\/p6RhLt-lQz","jetpack_sharing_enabled":true,"_links":{"self":[{"href":"https:\/\/eldiariodesanpedro.com.ar\/sitio\/wp-json\/wp\/v2\/posts\/83983","targetHints":{"allow":["GET"]}}],"collection":[{"href":"https:\/\/eldiariodesanpedro.com.ar\/sitio\/wp-json\/wp\/v2\/posts"}],"about":[{"href":"https:\/\/eldiariodesanpedro.com.ar\/sitio\/wp-json\/wp\/v2\/types\/post"}],"author":[{"embeddable":true,"href":"https:\/\/eldiariodesanpedro.com.ar\/sitio\/wp-json\/wp\/v2\/users\/4"}],"replies":[{"embeddable":true,"href":"https:\/\/eldiariodesanpedro.com.ar\/sitio\/wp-json\/wp\/v2\/comments?post=83983"}],"version-history":[{"count":1,"href":"https:\/\/eldiariodesanpedro.com.ar\/sitio\/wp-json\/wp\/v2\/posts\/83983\/revisions"}],"predecessor-version":[{"id":83985,"href":"https:\/\/eldiariodesanpedro.com.ar\/sitio\/wp-json\/wp\/v2\/posts\/83983\/revisions\/83985"}],"wp:featuredmedia":[{"embeddable":true,"href":"https:\/\/eldiariodesanpedro.com.ar\/sitio\/wp-json\/wp\/v2\/media\/83984"}],"wp:attachment":[{"href":"https:\/\/eldiariodesanpedro.com.ar\/sitio\/wp-json\/wp\/v2\/media?parent=83983"}],"wp:term":[{"taxonomy":"category","embeddable":true,"href":"https:\/\/eldiariodesanpedro.com.ar\/sitio\/wp-json\/wp\/v2\/categories?post=83983"},{"taxonomy":"post_tag","embeddable":true,"href":"https:\/\/eldiariodesanpedro.com.ar\/sitio\/wp-json\/wp\/v2\/tags?post=83983"}],"curies":[{"name":"wp","href":"https:\/\/api.w.org\/{rel}","templated":true}]}}