{"id":83975,"date":"2020-11-26T09:40:05","date_gmt":"2020-11-26T12:40:05","guid":{"rendered":"https:\/\/eldiariodesanpedro.com.ar\/sitio\/?p=83975"},"modified":"2020-11-26T09:40:06","modified_gmt":"2020-11-26T12:40:06","slug":"dos-accidentes-que-involucro-a-8-camiones-y-1-auto-en-la-ruta-9-por-culpa-del-humo","status":"publish","type":"post","link":"https:\/\/eldiariodesanpedro.com.ar\/sitio\/dos-accidentes-que-involucro-a-8-camiones-y-1-auto-en-la-ruta-9-por-culpa-del-humo\/","title":{"rendered":"Dos accidentes que involucro a 8 camiones y 1 auto en la ruta 9 por culpa del humo"},"content":{"rendered":"<!-- VideographyWP Plugin Message: Automatic video embedding prevented by plugin options. -->\n\n<p>La presencia de humo en la calzada provoc\u00f3 dos accidentes con pocos minutos de diferencia sobre la Ruta 9, KM 147, carril Buenos Aires-Rosario.\u00a0\u00a0El primero de los siniestros involucr\u00f3 a seis camiones, sin heridos, Minutos despu\u00e9s, un segundo choque entre dos camiones y un auto ocasion\u00f3 que el conductor del rodado menor debiera ser trasladado en ambulancia al Hospital municipal Lino Pi\u00f1ero.\u00a0<\/p>\n\n\n\n<p>El incendio en el Basural a cielo abierto que comenz\u00f3 el pasado lunes 23, aparentemente de manera intencional, ocasion\u00f3 en la madrugada de este jueves un accidente en cadena a la altura del KM 148 de la Ruta 9, en el carril Buenos Aires &#8211; Rosario.<\/p>\n\n\n\n<p>El hecho se produjo a las 3.10 de este jueves, con al menos seis camiones y un auto involucrados. En principio, y afortunadamente, habr\u00eda solo un herido de caracter leve.\u00a0\u00a0Seg\u00fan explic\u00f3 desde el Municipio el Subsecretario de Seguridad Sergio Lucero, el accidente se produjo cuando un\u00a0camionero fren\u00f3 de golpe, sorprendido por la presencia de humo en la calzada.\u00a0\u00a0<\/p>\n\n\n\n<figure class=\"wp-block-image size-large\"><img decoding=\"async\" width=\"800\" height=\"379\" data-attachment-id=\"83980\" data-permalink=\"https:\/\/eldiariodesanpedro.com.ar\/sitio\/dos-accidentes-que-involucro-a-8-camiones-y-1-auto-en-la-ruta-9-por-culpa-del-humo\/a63907c8-cc49-4c00-a555-183ffaeba7d2-800x600-1\/\" data-orig-file=\"https:\/\/eldiariodesanpedro.com.ar\/sitio\/wp-content\/uploads\/2020\/11\/a63907c8-cc49-4c00-a555-183ffaeba7d2-800x600-1.jpg\" data-orig-size=\"800,379\" data-comments-opened=\"1\" data-image-meta=\"{&quot;aperture&quot;:&quot;0&quot;,&quot;credit&quot;:&quot;&quot;,&quot;camera&quot;:&quot;&quot;,&quot;caption&quot;:&quot;&quot;,&quot;created_timestamp&quot;:&quot;0&quot;,&quot;copyright&quot;:&quot;&quot;,&quot;focal_length&quot;:&quot;0&quot;,&quot;iso&quot;:&quot;0&quot;,&quot;shutter_speed&quot;:&quot;0&quot;,&quot;title&quot;:&quot;&quot;,&quot;orientation&quot;:&quot;0&quot;}\" data-image-title=\"a63907c8-cc49-4c00-a555-183ffaeba7d2-800&amp;#215;600-1\" data-image-description=\"\" data-image-caption=\"\" data-large-file=\"https:\/\/eldiariodesanpedro.com.ar\/sitio\/wp-content\/uploads\/2020\/11\/a63907c8-cc49-4c00-a555-183ffaeba7d2-800x600-1.jpg\" data-src=\"https:\/\/eldiariodesanpedro.com.ar\/sitio\/wp-content\/uploads\/2020\/11\/a63907c8-cc49-4c00-a555-183ffaeba7d2-800x600-1.jpg\" alt=\"\" class=\"wp-image-83980 lazyload\" data-srcset=\"https:\/\/eldiariodesanpedro.com.ar\/sitio\/wp-content\/uploads\/2020\/11\/a63907c8-cc49-4c00-a555-183ffaeba7d2-800x600-1.jpg 800w, https:\/\/eldiariodesanpedro.com.ar\/sitio\/wp-content\/uploads\/2020\/11\/a63907c8-cc49-4c00-a555-183ffaeba7d2-800x600-1-300x142.jpg 300w, https:\/\/eldiariodesanpedro.com.ar\/sitio\/wp-content\/uploads\/2020\/11\/a63907c8-cc49-4c00-a555-183ffaeba7d2-800x600-1-768x364.jpg 768w\" data-sizes=\"(max-width: 800px) 100vw, 800px\" src=\"data:image\/svg+xml;base64,PHN2ZyB3aWR0aD0iMSIgaGVpZ2h0PSIxIiB4bWxucz0iaHR0cDovL3d3dy53My5vcmcvMjAwMC9zdmciPjwvc3ZnPg==\" style=\"--smush-placeholder-width: 800px; --smush-placeholder-aspect-ratio: 800\/379;\" \/><\/figure>\n\n\n\n<figure class=\"wp-block-image size-large\"><img decoding=\"async\" width=\"480\" height=\"429\" data-attachment-id=\"83979\" data-permalink=\"https:\/\/eldiariodesanpedro.com.ar\/sitio\/dos-accidentes-que-involucro-a-8-camiones-y-1-auto-en-la-ruta-9-por-culpa-del-humo\/127735236_1857183614420127_1560056573925944907_n\/\" data-orig-file=\"https:\/\/eldiariodesanpedro.com.ar\/sitio\/wp-content\/uploads\/2020\/11\/127735236_1857183614420127_1560056573925944907_n.jpg\" data-orig-size=\"480,429\" data-comments-opened=\"1\" data-image-meta=\"{&quot;aperture&quot;:&quot;0&quot;,&quot;credit&quot;:&quot;&quot;,&quot;camera&quot;:&quot;&quot;,&quot;caption&quot;:&quot;&quot;,&quot;created_timestamp&quot;:&quot;0&quot;,&quot;copyright&quot;:&quot;&quot;,&quot;focal_length&quot;:&quot;0&quot;,&quot;iso&quot;:&quot;0&quot;,&quot;shutter_speed&quot;:&quot;0&quot;,&quot;title&quot;:&quot;&quot;,&quot;orientation&quot;:&quot;0&quot;}\" data-image-title=\"127735236_1857183614420127_1560056573925944907_n\" data-image-description=\"\" data-image-caption=\"\" data-large-file=\"https:\/\/eldiariodesanpedro.com.ar\/sitio\/wp-content\/uploads\/2020\/11\/127735236_1857183614420127_1560056573925944907_n.jpg\" data-src=\"https:\/\/eldiariodesanpedro.com.ar\/sitio\/wp-content\/uploads\/2020\/11\/127735236_1857183614420127_1560056573925944907_n.jpg\" alt=\"\" class=\"wp-image-83979 lazyload\" data-srcset=\"https:\/\/eldiariodesanpedro.com.ar\/sitio\/wp-content\/uploads\/2020\/11\/127735236_1857183614420127_1560056573925944907_n.jpg 480w, https:\/\/eldiariodesanpedro.com.ar\/sitio\/wp-content\/uploads\/2020\/11\/127735236_1857183614420127_1560056573925944907_n-300x268.jpg 300w\" data-sizes=\"(max-width: 480px) 100vw, 480px\" src=\"data:image\/svg+xml;base64,PHN2ZyB3aWR0aD0iMSIgaGVpZ2h0PSIxIiB4bWxucz0iaHR0cDovL3d3dy53My5vcmcvMjAwMC9zdmciPjwvc3ZnPg==\" style=\"--smush-placeholder-width: 480px; --smush-placeholder-aspect-ratio: 480\/429;\" \/><\/figure>\n\n\n\n<figure class=\"wp-block-image size-large\"><img decoding=\"async\" width=\"800\" height=\"379\" data-attachment-id=\"83977\" data-permalink=\"https:\/\/eldiariodesanpedro.com.ar\/sitio\/dos-accidentes-que-involucro-a-8-camiones-y-1-auto-en-la-ruta-9-por-culpa-del-humo\/06aed0c0-0055-44a1-b889-2744904dce29-800x600-1\/\" data-orig-file=\"https:\/\/eldiariodesanpedro.com.ar\/sitio\/wp-content\/uploads\/2020\/11\/06aed0c0-0055-44a1-b889-2744904dce29-800x600-1.jpg\" data-orig-size=\"800,379\" data-comments-opened=\"1\" data-image-meta=\"{&quot;aperture&quot;:&quot;0&quot;,&quot;credit&quot;:&quot;&quot;,&quot;camera&quot;:&quot;&quot;,&quot;caption&quot;:&quot;&quot;,&quot;created_timestamp&quot;:&quot;0&quot;,&quot;copyright&quot;:&quot;&quot;,&quot;focal_length&quot;:&quot;0&quot;,&quot;iso&quot;:&quot;0&quot;,&quot;shutter_speed&quot;:&quot;0&quot;,&quot;title&quot;:&quot;&quot;,&quot;orientation&quot;:&quot;0&quot;}\" data-image-title=\"06aed0c0-0055-44a1-b889-2744904dce29-800&amp;#215;600-1\" data-image-description=\"\" data-image-caption=\"\" data-large-file=\"https:\/\/eldiariodesanpedro.com.ar\/sitio\/wp-content\/uploads\/2020\/11\/06aed0c0-0055-44a1-b889-2744904dce29-800x600-1.jpg\" data-src=\"https:\/\/eldiariodesanpedro.com.ar\/sitio\/wp-content\/uploads\/2020\/11\/06aed0c0-0055-44a1-b889-2744904dce29-800x600-1.jpg\" alt=\"\" class=\"wp-image-83977 lazyload\" data-srcset=\"https:\/\/eldiariodesanpedro.com.ar\/sitio\/wp-content\/uploads\/2020\/11\/06aed0c0-0055-44a1-b889-2744904dce29-800x600-1.jpg 800w, https:\/\/eldiariodesanpedro.com.ar\/sitio\/wp-content\/uploads\/2020\/11\/06aed0c0-0055-44a1-b889-2744904dce29-800x600-1-300x142.jpg 300w, https:\/\/eldiariodesanpedro.com.ar\/sitio\/wp-content\/uploads\/2020\/11\/06aed0c0-0055-44a1-b889-2744904dce29-800x600-1-768x364.jpg 768w\" data-sizes=\"(max-width: 800px) 100vw, 800px\" src=\"data:image\/svg+xml;base64,PHN2ZyB3aWR0aD0iMSIgaGVpZ2h0PSIxIiB4bWxucz0iaHR0cDovL3d3dy53My5vcmcvMjAwMC9zdmciPjwvc3ZnPg==\" style=\"--smush-placeholder-width: 800px; --smush-placeholder-aspect-ratio: 800\/379;\" \/><\/figure>\n\n\n\n<figure class=\"wp-block-image size-large\"><img decoding=\"async\" width=\"800\" height=\"378\" data-attachment-id=\"83976\" data-permalink=\"https:\/\/eldiariodesanpedro.com.ar\/sitio\/dos-accidentes-que-involucro-a-8-camiones-y-1-auto-en-la-ruta-9-por-culpa-del-humo\/5efee674-165b-45ec-b6bc-6d73cf62241c-800x600-1\/\" data-orig-file=\"https:\/\/eldiariodesanpedro.com.ar\/sitio\/wp-content\/uploads\/2020\/11\/5efee674-165b-45ec-b6bc-6d73cf62241c-800x600-1.jpg\" data-orig-size=\"800,378\" data-comments-opened=\"1\" data-image-meta=\"{&quot;aperture&quot;:&quot;0&quot;,&quot;credit&quot;:&quot;&quot;,&quot;camera&quot;:&quot;&quot;,&quot;caption&quot;:&quot;&quot;,&quot;created_timestamp&quot;:&quot;0&quot;,&quot;copyright&quot;:&quot;&quot;,&quot;focal_length&quot;:&quot;0&quot;,&quot;iso&quot;:&quot;0&quot;,&quot;shutter_speed&quot;:&quot;0&quot;,&quot;title&quot;:&quot;&quot;,&quot;orientation&quot;:&quot;0&quot;}\" data-image-title=\"5efee674-165b-45ec-b6bc-6d73cf62241c-800&amp;#215;600-1\" data-image-description=\"\" data-image-caption=\"\" data-large-file=\"https:\/\/eldiariodesanpedro.com.ar\/sitio\/wp-content\/uploads\/2020\/11\/5efee674-165b-45ec-b6bc-6d73cf62241c-800x600-1.jpg\" data-src=\"https:\/\/eldiariodesanpedro.com.ar\/sitio\/wp-content\/uploads\/2020\/11\/5efee674-165b-45ec-b6bc-6d73cf62241c-800x600-1.jpg\" alt=\"\" class=\"wp-image-83976 lazyload\" data-srcset=\"https:\/\/eldiariodesanpedro.com.ar\/sitio\/wp-content\/uploads\/2020\/11\/5efee674-165b-45ec-b6bc-6d73cf62241c-800x600-1.jpg 800w, https:\/\/eldiariodesanpedro.com.ar\/sitio\/wp-content\/uploads\/2020\/11\/5efee674-165b-45ec-b6bc-6d73cf62241c-800x600-1-300x142.jpg 300w, https:\/\/eldiariodesanpedro.com.ar\/sitio\/wp-content\/uploads\/2020\/11\/5efee674-165b-45ec-b6bc-6d73cf62241c-800x600-1-768x363.jpg 768w\" data-sizes=\"(max-width: 800px) 100vw, 800px\" src=\"data:image\/svg+xml;base64,PHN2ZyB3aWR0aD0iMSIgaGVpZ2h0PSIxIiB4bWxucz0iaHR0cDovL3d3dy53My5vcmcvMjAwMC9zdmciPjwvc3ZnPg==\" style=\"--smush-placeholder-width: 800px; --smush-placeholder-aspect-ratio: 800\/378;\" \/><\/figure>\n","protected":false},"excerpt":{"rendered":"<p>La presencia de humo en la calzada provoc\u00f3 dos accidentes con pocos minutos de diferencia sobre la Ruta 9, KM 147, carril Buenos Aires-Rosario.\u00a0\u00a0El primero de los siniestros involucr\u00f3 a seis camiones, sin heridos, Minutos despu\u00e9s, un segundo choque entre dos camiones y un auto ocasion\u00f3 que el conductor del rodado menor debiera ser trasladado [&hellip;]<\/p>\n","protected":false},"author":4,"featured_media":83981,"comment_status":"open","ping_status":"closed","sticky":false,"template":"","format":"standard","meta":{"om_disable_all_campaigns":false,"_jetpack_memberships_contains_paid_content":false,"footnotes":""},"categories":[50,2,103],"tags":[],"class_list":["post-83975","post","type-post","status-publish","format-standard","has-post-thumbnail","hentry","category-destacadas","category-locales","category-policiales-locales"],"aioseo_notices":[],"gutentor_comment":0,"jetpack_featured_media_url":"https:\/\/eldiariodesanpedro.com.ar\/sitio\/wp-content\/uploads\/2020\/11\/df0eeac4-5d93-46a5-b964-f0913428653d-800x600-1.jpg","jetpack_shortlink":"https:\/\/wp.me\/p6RhLt-lQr","jetpack_sharing_enabled":true,"_links":{"self":[{"href":"https:\/\/eldiariodesanpedro.com.ar\/sitio\/wp-json\/wp\/v2\/posts\/83975","targetHints":{"allow":["GET"]}}],"collection":[{"href":"https:\/\/eldiariodesanpedro.com.ar\/sitio\/wp-json\/wp\/v2\/posts"}],"about":[{"href":"https:\/\/eldiariodesanpedro.com.ar\/sitio\/wp-json\/wp\/v2\/types\/post"}],"author":[{"embeddable":true,"href":"https:\/\/eldiariodesanpedro.com.ar\/sitio\/wp-json\/wp\/v2\/users\/4"}],"replies":[{"embeddable":true,"href":"https:\/\/eldiariodesanpedro.com.ar\/sitio\/wp-json\/wp\/v2\/comments?post=83975"}],"version-history":[{"count":1,"href":"https:\/\/eldiariodesanpedro.com.ar\/sitio\/wp-json\/wp\/v2\/posts\/83975\/revisions"}],"predecessor-version":[{"id":83982,"href":"https:\/\/eldiariodesanpedro.com.ar\/sitio\/wp-json\/wp\/v2\/posts\/83975\/revisions\/83982"}],"wp:featuredmedia":[{"embeddable":true,"href":"https:\/\/eldiariodesanpedro.com.ar\/sitio\/wp-json\/wp\/v2\/media\/83981"}],"wp:attachment":[{"href":"https:\/\/eldiariodesanpedro.com.ar\/sitio\/wp-json\/wp\/v2\/media?parent=83975"}],"wp:term":[{"taxonomy":"category","embeddable":true,"href":"https:\/\/eldiariodesanpedro.com.ar\/sitio\/wp-json\/wp\/v2\/categories?post=83975"},{"taxonomy":"post_tag","embeddable":true,"href":"https:\/\/eldiariodesanpedro.com.ar\/sitio\/wp-json\/wp\/v2\/tags?post=83975"}],"curies":[{"name":"wp","href":"https:\/\/api.w.org\/{rel}","templated":true}]}}